{"id":4363,"date":"2011-10-16T11:35:15","date_gmt":"2011-10-16T09:35:15","guid":{"rendered":"http:\/\/agenziacalendario.com\/wp\/?p=4363"},"modified":"2011-10-15T21:22:14","modified_gmt":"2011-10-15T19:22:14","slug":"muore-il-generale-e-uomo-politico-israeliano-moshe-dayan","status":"publish","type":"post","link":"https:\/\/datastorica.it\/blog\/2011\/10\/16\/muore-il-generale-e-uomo-politico-israeliano-moshe-dayan\/","title":{"rendered":"Muore il generale e uomo politico israeliano Moshe Dayan"},"content":{"rendered":"<p><a href=\"http:\/\/agenziacalendario.com\/wp\/wp-content\/uploads\/2011\/10\/moshe-dayan.jpg\"><img loading=\"lazy\" decoding=\"async\" class=\"alignleft size-thumbnail wp-image-4364\" title=\"moshe dayan\" src=\"http:\/\/agenziacalendario.com\/wp\/wp-content\/uploads\/2011\/10\/moshe-dayan-150x150.jpg\" alt=\"\" width=\"150\" height=\"150\" \/><\/a>Il 16 ottobre 1981 muore a Tel Aviv (Israele) per un tumore al colon Moshe Dayan, personaggio emblematico per lo stato di Israele. La sua immagine, con la benda sull&#8217;occhio sinistro, perso in Siria durante la Seconda Guerra Mondiale, \u00e8 nota in tutto il mondo. Dayan nasce il 20 maggio 1915 a Deganya (Palestina, oggi Israele) e a quattordici anni entra a far parte dell&#8217;Haganah, l&#8217;organizzazione militare che difende gli insediamenti ebraici in Palestina. Nel 1939, quando l&#8217;Haganah \u00e8 messa fuori legge, viene arrestato. Rilasciato nel 1941, milita nelle forze alleate impegnate nella liberazione del Libano e della Siria contro l&#8217;esercito francese di Vichy. Nel 1953 \u00e8 nominato capo di stato maggiore e nel 1956 guida la campagna del Sinai contro l&#8217;Egitto. Due anni dopo lascia l&#8217;esercito; eletto al Parlamento israeliano (1959) \u00e8 nominato ministro dell&#8217;Agricoltura (1959-1964) nel governo di David Ben Gurion. Poco prima dello scoppio della guerra dei Sei giorni nel 1967, ottiene il ministero della Difesa, e insieme al generale Yitzhak Rabin porta le truppe israeliane alla vittoria. Nel 1977 \u00e8 nominato ministro degli Esteri nel governo di Menahem Begin e la sua opera \u00e8 decisiva per la ratifica della pace con l&#8217;Egitto (1979). Nello stesso anno, per\u00f2, si dimette dall&#8217;incarico per protestare contro la politica di Begin e nel 1981 \u00e8 eletto in Parlamento fra i deputati di un nuovo partito di opposizione.<\/p>\n","protected":false},"excerpt":{"rendered":"<p>Il 16 ottobre 1981 muore a Tel Aviv (Israele) per un tumore al colon Moshe Dayan, personaggio emblematico per lo stato di Israele. La sua immagine, con la benda sull&#8217;occhio sinistro, perso in Siria durante la Seconda Guerra Mondiale, \u00e8 nota in tutto il mondo. Dayan nasce il 20 maggio 1915 a Deganya (Palestina, oggi [&hellip;]<\/p>\n","protected":false},"author":1,"featured_media":0,"comment_status":"open","ping_status":"open","sticky":false,"template":"","format":"standard","meta":{"footnotes":""},"categories":[],"tags":[],"class_list":["post-4363","post","type-post","status-publish","format-standard","hentry"],"_links":{"self":[{"href":"https:\/\/datastorica.it\/blog\/wp-json\/wp\/v2\/posts\/4363","targetHints":{"allow":["GET"]}}],"collection":[{"href":"https:\/\/datastorica.it\/blog\/wp-json\/wp\/v2\/posts"}],"about":[{"href":"https:\/\/datastorica.it\/blog\/wp-json\/wp\/v2\/types\/post"}],"author":[{"embeddable":true,"href":"https:\/\/datastorica.it\/blog\/wp-json\/wp\/v2\/users\/1"}],"replies":[{"embeddable":true,"href":"https:\/\/datastorica.it\/blog\/wp-json\/wp\/v2\/comments?post=4363"}],"version-history":[{"count":1,"href":"https:\/\/datastorica.it\/blog\/wp-json\/wp\/v2\/posts\/4363\/revisions"}],"predecessor-version":[{"id":4365,"href":"https:\/\/datastorica.it\/blog\/wp-json\/wp\/v2\/posts\/4363\/revisions\/4365"}],"wp:attachment":[{"href":"https:\/\/datastorica.it\/blog\/wp-json\/wp\/v2\/media?parent=4363"}],"wp:term":[{"taxonomy":"category","embeddable":true,"href":"https:\/\/datastorica.it\/blog\/wp-json\/wp\/v2\/categories?post=4363"},{"taxonomy":"post_tag","embeddable":true,"href":"https:\/\/datastorica.it\/blog\/wp-json\/wp\/v2\/tags?post=4363"}],"curies":[{"name":"wp","href":"https:\/\/api.w.org\/{rel}","templated":true}]}}