{"id":4417,"date":"2011-10-18T11:12:09","date_gmt":"2011-10-18T09:12:09","guid":{"rendered":"http:\/\/agenziacalendario.com\/wp\/?p=4417"},"modified":"2011-10-18T08:14:54","modified_gmt":"2011-10-18T06:14:54","slug":"nasce-il-giornalista-roberto-iadicicco-direttore-dellagi","status":"publish","type":"post","link":"https:\/\/datastorica.it\/blog\/2011\/10\/18\/nasce-il-giornalista-roberto-iadicicco-direttore-dellagi\/","title":{"rendered":"Nasce il giornalista Roberto Iadicicco, direttore dell&#8217;Agi"},"content":{"rendered":"<p>Il 18 ottobre 1961 nasce a Roma il giornalista Roberto Iadicicco, laureato in medicina all&#8217;Universit\u00e0 La Sapienza di Roma e specializzato inmedicina sociale e penitenziaria. Inizia la professione nel 1991 collaborando per il settore salute dell&#8217;Agenzia Adnkronos nella quale diventa professionista nel 1994 e assume diverse responsabilit\u00e0 fino a diventare, nel dicembre 1997, direttore reposnsabile di Adnkronos salute. Dall&#8217;1 ottobre 2000 Iadicicco \u00e8 responsabile comunicazione della ricerca scientifica dell&#8217;Universit\u00e0 Cattolica e dal 2002 al 2005 \u00e8 portavoce del Ministro della salute Gerolamo Sirchia. L&#8217;1 marzo 2007 Iadicicco diventa vicedirettore dell&#8217;Agenzia Italia, di cui assume la direzione il 24 novembre 2010.<\/p>\n","protected":false},"excerpt":{"rendered":"<p>Il 18 ottobre 1961 nasce a Roma il giornalista Roberto Iadicicco, laureato in medicina all&#8217;Universit\u00e0 La Sapienza di Roma e specializzato inmedicina sociale e penitenziaria. Inizia la professione nel 1991 collaborando per il settore salute dell&#8217;Agenzia Adnkronos nella quale diventa professionista nel 1994 e assume diverse responsabilit\u00e0 fino a diventare, nel dicembre 1997, direttore reposnsabile [&hellip;]<\/p>\n","protected":false},"author":1,"featured_media":0,"comment_status":"open","ping_status":"open","sticky":false,"template":"","format":"standard","meta":{"footnotes":""},"categories":[],"tags":[],"class_list":["post-4417","post","type-post","status-publish","format-standard","hentry"],"_links":{"self":[{"href":"https:\/\/datastorica.it\/blog\/wp-json\/wp\/v2\/posts\/4417","targetHints":{"allow":["GET"]}}],"collection":[{"href":"https:\/\/datastorica.it\/blog\/wp-json\/wp\/v2\/posts"}],"about":[{"href":"https:\/\/datastorica.it\/blog\/wp-json\/wp\/v2\/types\/post"}],"author":[{"embeddable":true,"href":"https:\/\/datastorica.it\/blog\/wp-json\/wp\/v2\/users\/1"}],"replies":[{"embeddable":true,"href":"https:\/\/datastorica.it\/blog\/wp-json\/wp\/v2\/comments?post=4417"}],"version-history":[{"count":1,"href":"https:\/\/datastorica.it\/blog\/wp-json\/wp\/v2\/posts\/4417\/revisions"}],"predecessor-version":[{"id":4418,"href":"https:\/\/datastorica.it\/blog\/wp-json\/wp\/v2\/posts\/4417\/revisions\/4418"}],"wp:attachment":[{"href":"https:\/\/datastorica.it\/blog\/wp-json\/wp\/v2\/media?parent=4417"}],"wp:term":[{"taxonomy":"category","embeddable":true,"href":"https:\/\/datastorica.it\/blog\/wp-json\/wp\/v2\/categories?post=4417"},{"taxonomy":"post_tag","embeddable":true,"href":"https:\/\/datastorica.it\/blog\/wp-json\/wp\/v2\/tags?post=4417"}],"curies":[{"name":"wp","href":"https:\/\/api.w.org\/{rel}","templated":true}]}}