{"id":4498,"date":"2011-10-22T10:36:32","date_gmt":"2011-10-22T08:36:32","guid":{"rendered":"http:\/\/agenziacalendario.com\/wp\/?p=4498"},"modified":"2012-01-02T16:05:08","modified_gmt":"2012-01-02T15:05:08","slug":"nasce-lo-chansonnier-georges-brassens","status":"publish","type":"post","link":"https:\/\/datastorica.it\/blog\/2011\/10\/22\/nasce-lo-chansonnier-georges-brassens\/","title":{"rendered":"Nasce lo &#8220;chansonnier&#8221;  Georges Brassens"},"content":{"rendered":"<p><a href=\"http:\/\/agenziacalendario.com\/wp\/wp-content\/uploads\/2011\/10\/Georges-Brassens.jpg\"><img loading=\"lazy\" decoding=\"async\" class=\"alignleft size-full wp-image-4499\" title=\"Georges Brassens\" src=\"http:\/\/agenziacalendario.com\/wp\/wp-content\/uploads\/2011\/10\/Georges-Brassens.jpg\" alt=\"\" width=\"225\" height=\"225\" srcset=\"https:\/\/datastorica.it\/blog\/wp-content\/uploads\/2011\/10\/Georges-Brassens.jpg 225w, https:\/\/datastorica.it\/blog\/wp-content\/uploads\/2011\/10\/Georges-Brassens-150x150.jpg 150w\" sizes=\"auto, (max-width: 225px) 100vw, 225px\" \/><\/a>Il 22 ottobre 1921 nasce a S\u00e8te (Francia) lo &#8220;chansonnnier&#8221; Georges Brassens che con L\u00e9o Ferr\u00e9 e Jacques Brel \u00e8 uno dei massimi rappresentanti della canzone d&#8217;autore francese, ed uno dei principali punti di riferimento per i cantautori, francesi e non. I testi delle sue canzoni sono semplici e composti di un linguaggio popolare e hanno come bersaglio la morale borghese, i valori costituiti e il militarismo. Tra le sue canzoni pi\u00f9 famose, &#8220;Il Gorilla&#8221;, tradotta e cantata da De Andr\u00e9. Brassens muore per un tumore il 29 ottobre 1981 a Saint-G\u00e9ly-du-Fesc (Francia)..<\/p>\n","protected":false},"excerpt":{"rendered":"<p>Il 22 ottobre 1921 nasce a S\u00e8te (Francia) lo &#8220;chansonnnier&#8221; Georges Brassens che con L\u00e9o Ferr\u00e9 e Jacques Brel \u00e8 uno dei massimi rappresentanti della canzone d&#8217;autore francese, ed uno dei principali punti di riferimento per i cantautori, francesi e non. I testi delle sue canzoni sono semplici e composti di un linguaggio popolare e [&hellip;]<\/p>\n","protected":false},"author":1,"featured_media":0,"comment_status":"open","ping_status":"open","sticky":false,"template":"","format":"standard","meta":{"footnotes":""},"categories":[],"tags":[],"class_list":["post-4498","post","type-post","status-publish","format-standard","hentry"],"_links":{"self":[{"href":"https:\/\/datastorica.it\/blog\/wp-json\/wp\/v2\/posts\/4498","targetHints":{"allow":["GET"]}}],"collection":[{"href":"https:\/\/datastorica.it\/blog\/wp-json\/wp\/v2\/posts"}],"about":[{"href":"https:\/\/datastorica.it\/blog\/wp-json\/wp\/v2\/types\/post"}],"author":[{"embeddable":true,"href":"https:\/\/datastorica.it\/blog\/wp-json\/wp\/v2\/users\/1"}],"replies":[{"embeddable":true,"href":"https:\/\/datastorica.it\/blog\/wp-json\/wp\/v2\/comments?post=4498"}],"version-history":[{"count":2,"href":"https:\/\/datastorica.it\/blog\/wp-json\/wp\/v2\/posts\/4498\/revisions"}],"predecessor-version":[{"id":6450,"href":"https:\/\/datastorica.it\/blog\/wp-json\/wp\/v2\/posts\/4498\/revisions\/6450"}],"wp:attachment":[{"href":"https:\/\/datastorica.it\/blog\/wp-json\/wp\/v2\/media?parent=4498"}],"wp:term":[{"taxonomy":"category","embeddable":true,"href":"https:\/\/datastorica.it\/blog\/wp-json\/wp\/v2\/categories?post=4498"},{"taxonomy":"post_tag","embeddable":true,"href":"https:\/\/datastorica.it\/blog\/wp-json\/wp\/v2\/tags?post=4498"}],"curies":[{"name":"wp","href":"https:\/\/api.w.org\/{rel}","templated":true}]}}