{"id":4602,"date":"2011-10-26T12:27:44","date_gmt":"2011-10-26T10:27:44","guid":{"rendered":"http:\/\/agenziacalendario.com\/wp\/?p=4602"},"modified":"2011-10-25T22:29:34","modified_gmt":"2011-10-25T20:29:34","slug":"nasce-il-banchiere-emilio-zanetti-cavaliere-del-lavoro","status":"publish","type":"post","link":"https:\/\/datastorica.it\/blog\/2011\/10\/26\/nasce-il-banchiere-emilio-zanetti-cavaliere-del-lavoro\/","title":{"rendered":"Nasce il banchiere Emilio Zanetti, Cavaliere del Lavoro"},"content":{"rendered":"<p><a href=\"http:\/\/agenziacalendario.com\/wp\/wp-content\/uploads\/2011\/10\/Emilio-Zanetti.jpg\"><img loading=\"lazy\" decoding=\"async\" class=\"alignleft size-full wp-image-4603\" title=\"Emilio Zanetti\" src=\"http:\/\/agenziacalendario.com\/wp\/wp-content\/uploads\/2011\/10\/Emilio-Zanetti.jpg\" alt=\"\" width=\"167\" height=\"216\" \/><\/a>Il 26 ottobre 1931 nasce a Bergamo il banchiere Emilio Zanetti, per molti anni Presidente della Banca Popolare di Bergamo e poi di Ubi Banca e nominato Cavaliere del Lavoro l&#8217;1 giugno 1986. Diplomato ragioniere, entra nell&#8217;azienda di famiglia e diventa amministratore della &#8220;Zanetti SpA&#8221;, societ\u00e0 operante nella produzione, stagionatura e commercializzazione di prodotti lattiero caseari e in modo particolare di Parmigiano Reggiano e di Grana Padano e conduce anche in qualit\u00e0 di amministratore unico l&#8217;Azienda Agricola Boccalina S.p.A. di Roverbella (Mantova). Zanetti \u00e8 Consigliere di Amministrazione della Dalmine, della Rinascente, della Sofim, della Geflna nonch\u00e9 di altre societ\u00e0 industriali, editoriali, di infrastrutture. Gi\u00e0 Presidente della Croce Rossa Italiana \u00e8 insignito della Medaglia d&#8217;oro al merito C.R.I.<\/p>\n","protected":false},"excerpt":{"rendered":"<p>Il 26 ottobre 1931 nasce a Bergamo il banchiere Emilio Zanetti, per molti anni Presidente della Banca Popolare di Bergamo e poi di Ubi Banca e nominato Cavaliere del Lavoro l&#8217;1 giugno 1986. Diplomato ragioniere, entra nell&#8217;azienda di famiglia e diventa amministratore della &#8220;Zanetti SpA&#8221;, societ\u00e0 operante nella produzione, stagionatura e commercializzazione di prodotti lattiero [&hellip;]<\/p>\n","protected":false},"author":1,"featured_media":0,"comment_status":"open","ping_status":"open","sticky":false,"template":"","format":"standard","meta":{"footnotes":""},"categories":[],"tags":[],"class_list":["post-4602","post","type-post","status-publish","format-standard","hentry"],"_links":{"self":[{"href":"https:\/\/datastorica.it\/blog\/wp-json\/wp\/v2\/posts\/4602","targetHints":{"allow":["GET"]}}],"collection":[{"href":"https:\/\/datastorica.it\/blog\/wp-json\/wp\/v2\/posts"}],"about":[{"href":"https:\/\/datastorica.it\/blog\/wp-json\/wp\/v2\/types\/post"}],"author":[{"embeddable":true,"href":"https:\/\/datastorica.it\/blog\/wp-json\/wp\/v2\/users\/1"}],"replies":[{"embeddable":true,"href":"https:\/\/datastorica.it\/blog\/wp-json\/wp\/v2\/comments?post=4602"}],"version-history":[{"count":1,"href":"https:\/\/datastorica.it\/blog\/wp-json\/wp\/v2\/posts\/4602\/revisions"}],"predecessor-version":[{"id":4604,"href":"https:\/\/datastorica.it\/blog\/wp-json\/wp\/v2\/posts\/4602\/revisions\/4604"}],"wp:attachment":[{"href":"https:\/\/datastorica.it\/blog\/wp-json\/wp\/v2\/media?parent=4602"}],"wp:term":[{"taxonomy":"category","embeddable":true,"href":"https:\/\/datastorica.it\/blog\/wp-json\/wp\/v2\/categories?post=4602"},{"taxonomy":"post_tag","embeddable":true,"href":"https:\/\/datastorica.it\/blog\/wp-json\/wp\/v2\/tags?post=4602"}],"curies":[{"name":"wp","href":"https:\/\/api.w.org\/{rel}","templated":true}]}}