{"id":4666,"date":"2011-10-29T14:08:58","date_gmt":"2011-10-29T12:08:58","guid":{"rendered":"http:\/\/agenziacalendario.com\/wp\/?p=4666"},"modified":"2011-10-28T22:10:11","modified_gmt":"2011-10-28T20:10:11","slug":"muore-lo-chansonnier-georges-brassens","status":"publish","type":"post","link":"https:\/\/datastorica.it\/blog\/2011\/10\/29\/muore-lo-chansonnier-georges-brassens\/","title":{"rendered":"Muore lo &#8220;chansonnier&#8221; Georges Brassens"},"content":{"rendered":"<p><a href=\"http:\/\/agenziacalendario.com\/wp\/wp-content\/uploads\/2011\/10\/Georges-Brassens1.jpg\"><img loading=\"lazy\" decoding=\"async\" class=\"alignleft size-thumbnail wp-image-4667\" title=\"Georges Brassens\" src=\"http:\/\/agenziacalendario.com\/wp\/wp-content\/uploads\/2011\/10\/Georges-Brassens1-150x150.jpg\" alt=\"\" width=\"150\" height=\"150\" srcset=\"https:\/\/datastorica.it\/blog\/wp-content\/uploads\/2011\/10\/Georges-Brassens1-150x150.jpg 150w, https:\/\/datastorica.it\/blog\/wp-content\/uploads\/2011\/10\/Georges-Brassens1.jpg 225w\" sizes=\"auto, (max-width: 150px) 100vw, 150px\" \/><\/a>Il 29 ottobre 1981 muore a Saint-G\u00e9ly-du-Fesc (Francia) lo chansonnier Georges Brassens, conosciutissimo anche in Italia grazie a Fabrizio De Andr\u00e8 e Nanni Svampa, che traducono e adattano i suoi versi, rispettivamente, in italiano e in milanese. Brassens nasce il 22 ottobre 1921 a S\u00e9te (Francia) ed \u00e8 con Vian, Ferr\u00e8 e Brel uno dei massimi rappresentanti della canzone d&#8217;autore francese, ed uno dei principali punti di riferimento per i cantautori, francesi e non. I testi delle sue canzoni sono semplici e composti di un linguaggio popolare e hanno come bersaglio la morale borghese, i valori costituiti e il militarismo. Tra le sue canzoni pi\u00f9 famose, &#8220;Il Gorilla&#8221;, tradotta e cantata in Italia da De Andr\u00e9.<\/p>\n","protected":false},"excerpt":{"rendered":"<p>Il 29 ottobre 1981 muore a Saint-G\u00e9ly-du-Fesc (Francia) lo chansonnier Georges Brassens, conosciutissimo anche in Italia grazie a Fabrizio De Andr\u00e8 e Nanni Svampa, che traducono e adattano i suoi versi, rispettivamente, in italiano e in milanese. Brassens nasce il 22 ottobre 1921 a S\u00e9te (Francia) ed \u00e8 con Vian, Ferr\u00e8 e Brel uno dei [&hellip;]<\/p>\n","protected":false},"author":1,"featured_media":0,"comment_status":"open","ping_status":"open","sticky":false,"template":"","format":"standard","meta":{"footnotes":""},"categories":[],"tags":[],"class_list":["post-4666","post","type-post","status-publish","format-standard","hentry"],"_links":{"self":[{"href":"https:\/\/datastorica.it\/blog\/wp-json\/wp\/v2\/posts\/4666","targetHints":{"allow":["GET"]}}],"collection":[{"href":"https:\/\/datastorica.it\/blog\/wp-json\/wp\/v2\/posts"}],"about":[{"href":"https:\/\/datastorica.it\/blog\/wp-json\/wp\/v2\/types\/post"}],"author":[{"embeddable":true,"href":"https:\/\/datastorica.it\/blog\/wp-json\/wp\/v2\/users\/1"}],"replies":[{"embeddable":true,"href":"https:\/\/datastorica.it\/blog\/wp-json\/wp\/v2\/comments?post=4666"}],"version-history":[{"count":1,"href":"https:\/\/datastorica.it\/blog\/wp-json\/wp\/v2\/posts\/4666\/revisions"}],"predecessor-version":[{"id":4668,"href":"https:\/\/datastorica.it\/blog\/wp-json\/wp\/v2\/posts\/4666\/revisions\/4668"}],"wp:attachment":[{"href":"https:\/\/datastorica.it\/blog\/wp-json\/wp\/v2\/media?parent=4666"}],"wp:term":[{"taxonomy":"category","embeddable":true,"href":"https:\/\/datastorica.it\/blog\/wp-json\/wp\/v2\/categories?post=4666"},{"taxonomy":"post_tag","embeddable":true,"href":"https:\/\/datastorica.it\/blog\/wp-json\/wp\/v2\/tags?post=4666"}],"curies":[{"name":"wp","href":"https:\/\/api.w.org\/{rel}","templated":true}]}}