{"id":4714,"date":"2011-10-31T09:35:24","date_gmt":"2011-10-31T08:35:24","guid":{"rendered":"http:\/\/agenziacalendario.com\/wp\/?p=4714"},"modified":"2011-10-31T08:37:51","modified_gmt":"2011-10-31T07:37:51","slug":"nasce-limprenditore-carlalberto-corneliani-cavaliere-del-lavoro","status":"publish","type":"post","link":"https:\/\/datastorica.it\/blog\/2011\/10\/31\/nasce-limprenditore-carlalberto-corneliani-cavaliere-del-lavoro\/","title":{"rendered":"Nasce l&#8217;imprenditore Carlalberto Corneliani, Cavaliere del Lavoro"},"content":{"rendered":"<p><a href=\"http:\/\/agenziacalendario.com\/wp\/wp-content\/uploads\/2011\/10\/Carlalberto-Corneliani.jpeg\"><img loading=\"lazy\" decoding=\"async\" class=\"alignleft size-full wp-image-4715\" title=\"Carlalberto Corneliani\" src=\"http:\/\/agenziacalendario.com\/wp\/wp-content\/uploads\/2011\/10\/Carlalberto-Corneliani.jpeg\" alt=\"\" width=\"217\" height=\"278\" \/><\/a>Il 31 ottobre 1931 nasce a Mantova l&#8217;imprenditore tessile Carlalberto Corneliani, Cavaliere del Lavoro dal 2 giugno 1991. Nel 1958 assume, con il fratello Claudio, la conduzione dell&#8217;azienda di famiglia, la Corneliani Spa di Mantova di cui \u00e8 attualmente Amministratore delegato. Nel 1981 rileva dalla Montefibre l&#8217;industria di confezioni maschili Abital spa di Verona e ne diventa Presidente, rilanciando la societ\u00e0 con un radicale cambiamento nella strategia produttiva e commerciale. \u00c8 past president del Comitato Moda Industriali Tessili e Abbigliamento di Milano, di cui \u00e8 presidente per oltre vent\u2019anni. \u00c8 past president della Federtessile di Milano, di cui \u00e8 presidente dal 1991 al 1993, oltre che past president dell\u2019Associazione Industriali di Mantova, di cui \u00e8 presidente dal 1979 al 1984. Corneliani, membro del Consiglio direttivo e della Giunta di Confindustria e consigliere della Banca del Monte di Milano da dicembre 1984 a marzo 1991, \u00e8 socio fondatore del Comitato Leonardo, e vice presidente e membro del Consiglio direttivo della Camera Nazionale della Moda Italiana. Dal maggio 2000 al maggio 2006 \u00e8 presidente &#8211; il primo &#8211; della Fondazione della Comunit\u00e0 della Provincia di Mantova e ne \u00e8 attualmente presidente onorario.<\/p>\n","protected":false},"excerpt":{"rendered":"<p>Il 31 ottobre 1931 nasce a Mantova l&#8217;imprenditore tessile Carlalberto Corneliani, Cavaliere del Lavoro dal 2 giugno 1991. Nel 1958 assume, con il fratello Claudio, la conduzione dell&#8217;azienda di famiglia, la Corneliani Spa di Mantova di cui \u00e8 attualmente Amministratore delegato. Nel 1981 rileva dalla Montefibre l&#8217;industria di confezioni maschili Abital spa di Verona e [&hellip;]<\/p>\n","protected":false},"author":1,"featured_media":0,"comment_status":"open","ping_status":"open","sticky":false,"template":"","format":"standard","meta":{"footnotes":""},"categories":[],"tags":[],"class_list":["post-4714","post","type-post","status-publish","format-standard","hentry"],"_links":{"self":[{"href":"https:\/\/datastorica.it\/blog\/wp-json\/wp\/v2\/posts\/4714","targetHints":{"allow":["GET"]}}],"collection":[{"href":"https:\/\/datastorica.it\/blog\/wp-json\/wp\/v2\/posts"}],"about":[{"href":"https:\/\/datastorica.it\/blog\/wp-json\/wp\/v2\/types\/post"}],"author":[{"embeddable":true,"href":"https:\/\/datastorica.it\/blog\/wp-json\/wp\/v2\/users\/1"}],"replies":[{"embeddable":true,"href":"https:\/\/datastorica.it\/blog\/wp-json\/wp\/v2\/comments?post=4714"}],"version-history":[{"count":1,"href":"https:\/\/datastorica.it\/blog\/wp-json\/wp\/v2\/posts\/4714\/revisions"}],"predecessor-version":[{"id":4716,"href":"https:\/\/datastorica.it\/blog\/wp-json\/wp\/v2\/posts\/4714\/revisions\/4716"}],"wp:attachment":[{"href":"https:\/\/datastorica.it\/blog\/wp-json\/wp\/v2\/media?parent=4714"}],"wp:term":[{"taxonomy":"category","embeddable":true,"href":"https:\/\/datastorica.it\/blog\/wp-json\/wp\/v2\/categories?post=4714"},{"taxonomy":"post_tag","embeddable":true,"href":"https:\/\/datastorica.it\/blog\/wp-json\/wp\/v2\/tags?post=4714"}],"curies":[{"name":"wp","href":"https:\/\/api.w.org\/{rel}","templated":true}]}}