{"id":5072,"date":"2011-11-13T12:16:39","date_gmt":"2011-11-13T11:16:39","guid":{"rendered":"http:\/\/agenziacalendario.com\/wp\/?p=5072"},"modified":"2011-11-11T18:49:56","modified_gmt":"2011-11-11T17:49:56","slug":"nasce-lattrice-di-teatro-valeria-moriconi","status":"publish","type":"post","link":"https:\/\/datastorica.it\/blog\/2011\/11\/13\/nasce-lattrice-di-teatro-valeria-moriconi\/","title":{"rendered":"Nasce l&#8217;attrice di teatro Valeria Moriconi"},"content":{"rendered":"<p><a href=\"http:\/\/agenziacalendario.com\/wp\/wp-content\/uploads\/2011\/11\/220px-Valeria_Moriconi.jpg\"><img loading=\"lazy\" decoding=\"async\" class=\"alignleft size-medium wp-image-5074\" title=\"220px-Valeria_Moriconi\" src=\"http:\/\/agenziacalendario.com\/wp\/wp-content\/uploads\/2011\/11\/220px-Valeria_Moriconi-217x300.jpg\" alt=\"\" width=\"217\" height=\"300\" srcset=\"https:\/\/datastorica.it\/blog\/wp-content\/uploads\/2011\/11\/220px-Valeria_Moriconi-217x300.jpg 217w, https:\/\/datastorica.it\/blog\/wp-content\/uploads\/2011\/11\/220px-Valeria_Moriconi.jpg 220w\" sizes=\"auto, (max-width: 217px) 100vw, 217px\" \/><\/a>Il 13 novembre 1931 nasce a Jesi (Ancona) l&#8217;attrice di teatro Valeria Abbruzzetti che adotta il nome d&#8217;arte di Valeria Moriconi. Senza aver frequentato un&#8217;accademia \u00e8 ricordata come una delle pi\u00f9 grandi attrici della scena italiana. La sua passione per il palcoscenico sboccia per caso nella sua citt\u00e0 dove debutta in una compagnia amatoriale. Dopo aver iniziato nel cinema con Alberto Lattuada in &#8220;Gli italiani si voltano&#8221; (1953), esordisce a teatro nel 1957 al fianco di Eduardo De Filippo come protagonista di una sua commedia inedita, &#8220;De Pretore Vincenzo&#8221;. Tre anni dopo fonda con Glauco Mauri, Franco Enriquez e Mario Scaccia la &#8220;Compagnia dei Quattro&#8221;, che porta in scena spettacoli come &#8220;La locandiera&#8221; di Goldoni e &#8220;La bisbetica domata&#8221; di Shakespeare. Attrice di temperamento e versatilit\u00e0 notevoli, nel corso della sua lunga carriera recita sotto la guida dei maggiori registi italiani, tra cui Luca Ronconi, Aldo Trionfo e Gabriele Vacis, che cura la regia del primo allestimento italiano di &#8220;La rosa tatuata&#8221; (1997) di Tennessee Williams. Nel 2000\u00a0 la Moriconi da la voce ai testi di Papa Giovanni Paolo II per la via Crucis del Venerd\u00ec Santo al Colosseo. La Moriconi muore il 14 giugno 2005 a Jesi.<\/p>\n","protected":false},"excerpt":{"rendered":"<p>Il 13 novembre 1931 nasce a Jesi (Ancona) l&#8217;attrice di teatro Valeria Abbruzzetti che adotta il nome d&#8217;arte di Valeria Moriconi. Senza aver frequentato un&#8217;accademia \u00e8 ricordata come una delle pi\u00f9 grandi attrici della scena italiana. La sua passione per il palcoscenico sboccia per caso nella sua citt\u00e0 dove debutta in una compagnia amatoriale. Dopo [&hellip;]<\/p>\n","protected":false},"author":1,"featured_media":0,"comment_status":"open","ping_status":"open","sticky":false,"template":"","format":"standard","meta":{"footnotes":""},"categories":[],"tags":[],"class_list":["post-5072","post","type-post","status-publish","format-standard","hentry"],"_links":{"self":[{"href":"https:\/\/datastorica.it\/blog\/wp-json\/wp\/v2\/posts\/5072","targetHints":{"allow":["GET"]}}],"collection":[{"href":"https:\/\/datastorica.it\/blog\/wp-json\/wp\/v2\/posts"}],"about":[{"href":"https:\/\/datastorica.it\/blog\/wp-json\/wp\/v2\/types\/post"}],"author":[{"embeddable":true,"href":"https:\/\/datastorica.it\/blog\/wp-json\/wp\/v2\/users\/1"}],"replies":[{"embeddable":true,"href":"https:\/\/datastorica.it\/blog\/wp-json\/wp\/v2\/comments?post=5072"}],"version-history":[{"count":2,"href":"https:\/\/datastorica.it\/blog\/wp-json\/wp\/v2\/posts\/5072\/revisions"}],"predecessor-version":[{"id":5075,"href":"https:\/\/datastorica.it\/blog\/wp-json\/wp\/v2\/posts\/5072\/revisions\/5075"}],"wp:attachment":[{"href":"https:\/\/datastorica.it\/blog\/wp-json\/wp\/v2\/media?parent=5072"}],"wp:term":[{"taxonomy":"category","embeddable":true,"href":"https:\/\/datastorica.it\/blog\/wp-json\/wp\/v2\/categories?post=5072"},{"taxonomy":"post_tag","embeddable":true,"href":"https:\/\/datastorica.it\/blog\/wp-json\/wp\/v2\/tags?post=5072"}],"curies":[{"name":"wp","href":"https:\/\/api.w.org\/{rel}","templated":true}]}}