{"id":5381,"date":"2011-11-25T08:58:18","date_gmt":"2011-11-25T07:58:18","guid":{"rendered":"http:\/\/agenziacalendario.com\/wp\/?p=5381"},"modified":"2011-11-24T21:00:39","modified_gmt":"2011-11-24T20:00:39","slug":"nasce-angelo-giuseppe-roncalli-il-futuro-papa-giovanni-xxiii","status":"publish","type":"post","link":"https:\/\/datastorica.it\/blog\/2011\/11\/25\/nasce-angelo-giuseppe-roncalli-il-futuro-papa-giovanni-xxiii\/","title":{"rendered":"Nasce Angelo Giuseppe Roncalli, il futuro Papa Giovanni XXIII"},"content":{"rendered":"<p><a href=\"http:\/\/agenziacalendario.com\/wp\/wp-content\/uploads\/2011\/11\/Papa-Giovanni-XIII.jpeg\"><img loading=\"lazy\" decoding=\"async\" class=\"alignleft size-full wp-image-5382\" title=\"Papa Giovanni XIII\" src=\"http:\/\/agenziacalendario.com\/wp\/wp-content\/uploads\/2011\/11\/Papa-Giovanni-XIII.jpeg\" alt=\"\" width=\"193\" height=\"261\" \/><\/a>Il 25 novembre 1881 nasce a Sotto il Monte (Bergamo) Angelo Giuseppe Roncalli, il futuro Papa Giovanni XXIII. Di origine contadina e devoto al Santuario della Madonna del Bosco ad Imbersago (Lecco), viene ordinato sacerdote nel 1904 a Roma e nel 1905 diventa segretario personale del nuovo vescovo di Bergamo Giacomo Radini Tedeschi (uno dei presuli italiani pi\u00f9 in vista all&#8217;inizio del &#8216;900). Angelo Roncalli insegna poi storia ecclesiastica in seminario e studia con passione l&#8217;opera di san Carlo Borromeo. Nel 1921 viene chiamato a Roma a presiedere il consiglio nazionale per l&#8217;Italia dell&#8217;Opera di Propaganda Fide. Nel 1925 \u00e8 consacrato vescovo e inviato visitatore apostolico in Bulgaria, nel 1934 si trasferisce come delegato apostolico in Turchia conoscendo cos\u00ec da vicino il mondo degli ortodossi e dei musulmani. Dal 1944 nunzio a Parigi (Francia), nel concistoro del 12 gennaio 1953 Roncalli \u00e8 creato cardinale e poi nominato patriarca di Venezia. Il 28 ottobre 1958 viene eletto Papa assumendo il nome di Giovanni XXIII e il 25 gennaio 1959 annuncia il Concilio Vaticano II, che verr\u00e0 aperto ufficialmente l&#8217;11 ottobre 1962 e si svolger\u00e0\u00a0 in nove sessioni e in quattro periodi, dal 1962 al 1965, sotto i pontificati di Giovanni XXIII e Paolo VI. Il Concilio Vaticano II promulgher\u00e0 quattro Costituzioni, tre Dichiarazioni e nove Decreti. Giovanni XXIII muore alle 19:49 del 3 giugno 1963 in Citt\u00e0 del Vaticano (Citt\u00e0 del Vaticano) e viene beatificato da Papa Giovanni Paolo II il 3 settembre 2000.<\/p>\n","protected":false},"excerpt":{"rendered":"<p>Il 25 novembre 1881 nasce a Sotto il Monte (Bergamo) Angelo Giuseppe Roncalli, il futuro Papa Giovanni XXIII. Di origine contadina e devoto al Santuario della Madonna del Bosco ad Imbersago (Lecco), viene ordinato sacerdote nel 1904 a Roma e nel 1905 diventa segretario personale del nuovo vescovo di Bergamo Giacomo Radini Tedeschi (uno dei [&hellip;]<\/p>\n","protected":false},"author":1,"featured_media":0,"comment_status":"open","ping_status":"open","sticky":false,"template":"","format":"standard","meta":{"footnotes":""},"categories":[],"tags":[],"class_list":["post-5381","post","type-post","status-publish","format-standard","hentry"],"_links":{"self":[{"href":"https:\/\/datastorica.it\/blog\/wp-json\/wp\/v2\/posts\/5381","targetHints":{"allow":["GET"]}}],"collection":[{"href":"https:\/\/datastorica.it\/blog\/wp-json\/wp\/v2\/posts"}],"about":[{"href":"https:\/\/datastorica.it\/blog\/wp-json\/wp\/v2\/types\/post"}],"author":[{"embeddable":true,"href":"https:\/\/datastorica.it\/blog\/wp-json\/wp\/v2\/users\/1"}],"replies":[{"embeddable":true,"href":"https:\/\/datastorica.it\/blog\/wp-json\/wp\/v2\/comments?post=5381"}],"version-history":[{"count":1,"href":"https:\/\/datastorica.it\/blog\/wp-json\/wp\/v2\/posts\/5381\/revisions"}],"predecessor-version":[{"id":5383,"href":"https:\/\/datastorica.it\/blog\/wp-json\/wp\/v2\/posts\/5381\/revisions\/5383"}],"wp:attachment":[{"href":"https:\/\/datastorica.it\/blog\/wp-json\/wp\/v2\/media?parent=5381"}],"wp:term":[{"taxonomy":"category","embeddable":true,"href":"https:\/\/datastorica.it\/blog\/wp-json\/wp\/v2\/categories?post=5381"},{"taxonomy":"post_tag","embeddable":true,"href":"https:\/\/datastorica.it\/blog\/wp-json\/wp\/v2\/tags?post=5381"}],"curies":[{"name":"wp","href":"https:\/\/api.w.org\/{rel}","templated":true}]}}