{"id":5749,"date":"2011-12-08T13:42:46","date_gmt":"2011-12-08T12:42:46","guid":{"rendered":"http:\/\/agenziacalendario.com\/wp\/?p=5749"},"modified":"2011-12-08T08:44:59","modified_gmt":"2011-12-08T07:44:59","slug":"muore-ferruccio-parri-uno-dei-padri-della-repubblica","status":"publish","type":"post","link":"https:\/\/datastorica.it\/blog\/2011\/12\/08\/muore-ferruccio-parri-uno-dei-padri-della-repubblica\/","title":{"rendered":"Muore Ferruccio Parri, uno dei padri della Repubblica"},"content":{"rendered":"<p><a href=\"http:\/\/agenziacalendario.com\/wp\/wp-content\/uploads\/2011\/12\/225px-Ferruccio_Parri_2.jpg\"><img loading=\"lazy\" decoding=\"async\" class=\"alignleft size-thumbnail wp-image-5750\" title=\"225px-Ferruccio_Parri_2\" src=\"http:\/\/agenziacalendario.com\/wp\/wp-content\/uploads\/2011\/12\/225px-Ferruccio_Parri_2-150x150.jpg\" alt=\"\" width=\"150\" height=\"150\" \/><\/a>L&#8217;8 dicembre 1981 muore a Roma Ferruccio Parri, uno dei padri della Repubblica italiana e capo del primo governo di unit\u00e0 antifascista dopo la Liberazione. Parri nasce il 19 gennaio 1890 a Pinerolo (Torino)\u00a0 e con Carlo Rosselli organizza la fuga di Filippo Turati dal confino di Lipari verso la Corsica, per la quale \u00e8 processato e, grazie alla difesa dell&#8217;avvocato Sandro Pertini, assolto, ma confinato fino al 1933. Militante di Giustizia e libert\u00e0, Parri \u00e8 nel 1943 tra i fondatori del Partito d&#8217;azione e suo principale esponente militare nella Resistenza, nella quale, come comandante delle formazioni Giustizia e Libert\u00e0, \u00e8 vicecomandante, con Luigi Longo, del Corpo dei volontari della libert\u00e0. Deputato alla Costituente e quindi eletto pi\u00f9 volte senatore, sciolto il Partito d&#8217;azione (1947), entra con Ugo La Malfa nel Pri (Partito repubblicano italiano), ma lo abbandona per fondare con altri il gruppo di Unit\u00e0 popolare contro la legge truffa (1953). Parri nel 1958 entra nel Psi\u00a0 e, nominato senatore a vita dal Presidente Antonio Segni, fonda il combattivo settimanale &#8220;L&#8217;Astrolabio&#8221;. Deluso dal centrosinistra Parri crea il gruppo parlamentare della Sinistra indipendente, formato da personalit\u00e0 elette nelle liste del Pci.<\/p>\n","protected":false},"excerpt":{"rendered":"<p>L&#8217;8 dicembre 1981 muore a Roma Ferruccio Parri, uno dei padri della Repubblica italiana e capo del primo governo di unit\u00e0 antifascista dopo la Liberazione. Parri nasce il 19 gennaio 1890 a Pinerolo (Torino)\u00a0 e con Carlo Rosselli organizza la fuga di Filippo Turati dal confino di Lipari verso la Corsica, per la quale \u00e8 [&hellip;]<\/p>\n","protected":false},"author":1,"featured_media":0,"comment_status":"open","ping_status":"open","sticky":false,"template":"","format":"standard","meta":{"footnotes":""},"categories":[],"tags":[],"class_list":["post-5749","post","type-post","status-publish","format-standard","hentry"],"_links":{"self":[{"href":"https:\/\/datastorica.it\/blog\/wp-json\/wp\/v2\/posts\/5749","targetHints":{"allow":["GET"]}}],"collection":[{"href":"https:\/\/datastorica.it\/blog\/wp-json\/wp\/v2\/posts"}],"about":[{"href":"https:\/\/datastorica.it\/blog\/wp-json\/wp\/v2\/types\/post"}],"author":[{"embeddable":true,"href":"https:\/\/datastorica.it\/blog\/wp-json\/wp\/v2\/users\/1"}],"replies":[{"embeddable":true,"href":"https:\/\/datastorica.it\/blog\/wp-json\/wp\/v2\/comments?post=5749"}],"version-history":[{"count":1,"href":"https:\/\/datastorica.it\/blog\/wp-json\/wp\/v2\/posts\/5749\/revisions"}],"predecessor-version":[{"id":5751,"href":"https:\/\/datastorica.it\/blog\/wp-json\/wp\/v2\/posts\/5749\/revisions\/5751"}],"wp:attachment":[{"href":"https:\/\/datastorica.it\/blog\/wp-json\/wp\/v2\/media?parent=5749"}],"wp:term":[{"taxonomy":"category","embeddable":true,"href":"https:\/\/datastorica.it\/blog\/wp-json\/wp\/v2\/categories?post=5749"},{"taxonomy":"post_tag","embeddable":true,"href":"https:\/\/datastorica.it\/blog\/wp-json\/wp\/v2\/tags?post=5749"}],"curies":[{"name":"wp","href":"https:\/\/api.w.org\/{rel}","templated":true}]}}