{"id":5792,"date":"2011-12-10T14:30:52","date_gmt":"2011-12-10T13:30:52","guid":{"rendered":"http:\/\/agenziacalendario.com\/wp\/?p=5792"},"modified":"2011-12-10T08:38:04","modified_gmt":"2011-12-10T07:38:04","slug":"prima-mondiale-del-film-il-signore-degli-anelli-la-compagnia-dellanello","status":"publish","type":"post","link":"https:\/\/datastorica.it\/blog\/2011\/12\/10\/prima-mondiale-del-film-il-signore-degli-anelli-la-compagnia-dellanello\/","title":{"rendered":"Prima mondiale del film &#8220;Il signore degli anelli &#8211; la compagnia dell&#8217;anello&#8221;"},"content":{"rendered":"<p>Il 10 dicembre 2001 a Londra (Inghilterra) prima mondiale del film &#8220;Il signore degli anelli-la compagnia dell&#8217;anello&#8221;. Nell&#8217;impresa mastodontica di realizzare un film su &#8220;Il signore degli anelli&#8221; si era gi\u00e0 cimentato il regista di animazione Ralph Bakshi,\u00a0 per\u00f2 rimasto schiacciato dalle difficolt\u00e0 produttive e senza riuscire a portare a compimento la sua opera; il giovane cineasta neozelandese Peter Jackson si \u00e8 lanciato con coraggio nel progetto ben cinque anni fa, curando ogni aspetto della produzione fin nel minimo dettaglio, e costruendo una strategia produttiva senza precedenti, che gli ha consentito di girare tre film di pi\u00f9 di due ore consecutivamente, aprendo per diciotto mesi un set in interni ed esterni in Nuova Zelanda (ci\u00f2 ha ridotto molto i costi) e lavorando successivamente alla postproduzione di un film alla volta. Il primo episodio &#8220;La compagnia dell&#8217;anello&#8221;, che in Italia esce il 18 gennaio 2002 \u00e8 seguito a ruota dal secondo &#8220;Le due torri&#8221; (2003) e dal terzo &#8220;Il ritorno del re&#8221; (2004).<\/p>\n","protected":false},"excerpt":{"rendered":"<p>Il 10 dicembre 2001 a Londra (Inghilterra) prima mondiale del film &#8220;Il signore degli anelli-la compagnia dell&#8217;anello&#8221;. Nell&#8217;impresa mastodontica di realizzare un film su &#8220;Il signore degli anelli&#8221; si era gi\u00e0 cimentato il regista di animazione Ralph Bakshi,\u00a0 per\u00f2 rimasto schiacciato dalle difficolt\u00e0 produttive e senza riuscire a portare a compimento la sua opera; il [&hellip;]<\/p>\n","protected":false},"author":1,"featured_media":0,"comment_status":"open","ping_status":"open","sticky":false,"template":"","format":"standard","meta":{"footnotes":""},"categories":[],"tags":[],"class_list":["post-5792","post","type-post","status-publish","format-standard","hentry"],"_links":{"self":[{"href":"https:\/\/datastorica.it\/blog\/wp-json\/wp\/v2\/posts\/5792","targetHints":{"allow":["GET"]}}],"collection":[{"href":"https:\/\/datastorica.it\/blog\/wp-json\/wp\/v2\/posts"}],"about":[{"href":"https:\/\/datastorica.it\/blog\/wp-json\/wp\/v2\/types\/post"}],"author":[{"embeddable":true,"href":"https:\/\/datastorica.it\/blog\/wp-json\/wp\/v2\/users\/1"}],"replies":[{"embeddable":true,"href":"https:\/\/datastorica.it\/blog\/wp-json\/wp\/v2\/comments?post=5792"}],"version-history":[{"count":2,"href":"https:\/\/datastorica.it\/blog\/wp-json\/wp\/v2\/posts\/5792\/revisions"}],"predecessor-version":[{"id":5794,"href":"https:\/\/datastorica.it\/blog\/wp-json\/wp\/v2\/posts\/5792\/revisions\/5794"}],"wp:attachment":[{"href":"https:\/\/datastorica.it\/blog\/wp-json\/wp\/v2\/media?parent=5792"}],"wp:term":[{"taxonomy":"category","embeddable":true,"href":"https:\/\/datastorica.it\/blog\/wp-json\/wp\/v2\/categories?post=5792"},{"taxonomy":"post_tag","embeddable":true,"href":"https:\/\/datastorica.it\/blog\/wp-json\/wp\/v2\/tags?post=5792"}],"curies":[{"name":"wp","href":"https:\/\/api.w.org\/{rel}","templated":true}]}}