{"id":5883,"date":"2011-12-14T13:30:34","date_gmt":"2011-12-14T12:30:34","guid":{"rendered":"http:\/\/agenziacalendario.com\/wp\/?p=5883"},"modified":"2011-12-14T12:42:44","modified_gmt":"2011-12-14T11:42:44","slug":"massacro-di-novi-ligure-condanna-definitiva-per-erika-e-omar","status":"publish","type":"post","link":"https:\/\/datastorica.it\/blog\/2011\/12\/14\/massacro-di-novi-ligure-condanna-definitiva-per-erika-e-omar\/","title":{"rendered":"Massacro di Novi Ligure: condanna definitiva per Erika e Omar"},"content":{"rendered":"<p>Il 14 dicembre 2001 a Torino si conclude con una severa condanna il processo contro Erika e Omar, i due giovani responsabili del massacro di Novi Ligure: 16 anni a Erika e 14 a Omar per concorso in duplice omicidio, con le aggravanti della premeditazione e del rapporto di parentela e simulazione di reato. La sentenza sar\u00e0 confermata in appello a fine maggio 2002. Le richieste di trasferire gli ex fidanzatini in comunit\u00e0 sono respinte, i due ragazzi sono rinchiusi nel carcere minorile &#8220;Beccaria&#8221; di Milano e al &#8220;Ferrante Aporti&#8221; di Torino. I difensori avevano chiesto l&#8217;assoluzione perch\u00e9 secondo il collegio peritale di parte la sera del 21 febbraio non erano in grado di intendere e volere. Erika, al compimento della maggiore et\u00e0, viene trasferita nel carcere di Verziano, mentre Omar \u00e8, dal novembre 2004, al carcere di Asti Quarto. Erika il 6 dicembre 2011 torna in libert\u00e0.<\/p>\n","protected":false},"excerpt":{"rendered":"<p>Il 14 dicembre 2001 a Torino si conclude con una severa condanna il processo contro Erika e Omar, i due giovani responsabili del massacro di Novi Ligure: 16 anni a Erika e 14 a Omar per concorso in duplice omicidio, con le aggravanti della premeditazione e del rapporto di parentela e simulazione di reato. La [&hellip;]<\/p>\n","protected":false},"author":1,"featured_media":0,"comment_status":"open","ping_status":"open","sticky":false,"template":"","format":"standard","meta":{"footnotes":""},"categories":[],"tags":[],"class_list":["post-5883","post","type-post","status-publish","format-standard","hentry"],"_links":{"self":[{"href":"https:\/\/datastorica.it\/blog\/wp-json\/wp\/v2\/posts\/5883","targetHints":{"allow":["GET"]}}],"collection":[{"href":"https:\/\/datastorica.it\/blog\/wp-json\/wp\/v2\/posts"}],"about":[{"href":"https:\/\/datastorica.it\/blog\/wp-json\/wp\/v2\/types\/post"}],"author":[{"embeddable":true,"href":"https:\/\/datastorica.it\/blog\/wp-json\/wp\/v2\/users\/1"}],"replies":[{"embeddable":true,"href":"https:\/\/datastorica.it\/blog\/wp-json\/wp\/v2\/comments?post=5883"}],"version-history":[{"count":1,"href":"https:\/\/datastorica.it\/blog\/wp-json\/wp\/v2\/posts\/5883\/revisions"}],"predecessor-version":[{"id":5884,"href":"https:\/\/datastorica.it\/blog\/wp-json\/wp\/v2\/posts\/5883\/revisions\/5884"}],"wp:attachment":[{"href":"https:\/\/datastorica.it\/blog\/wp-json\/wp\/v2\/media?parent=5883"}],"wp:term":[{"taxonomy":"category","embeddable":true,"href":"https:\/\/datastorica.it\/blog\/wp-json\/wp\/v2\/categories?post=5883"},{"taxonomy":"post_tag","embeddable":true,"href":"https:\/\/datastorica.it\/blog\/wp-json\/wp\/v2\/tags?post=5883"}],"curies":[{"name":"wp","href":"https:\/\/api.w.org\/{rel}","templated":true}]}}