{"id":5907,"date":"2011-12-15T13:10:27","date_gmt":"2011-12-15T12:10:27","guid":{"rendered":"http:\/\/agenziacalendario.com\/wp\/?p=5907"},"modified":"2011-12-15T09:03:43","modified_gmt":"2011-12-15T08:03:43","slug":"onu-javier-perez-de-cuellar-nuovo-segretario-generale","status":"publish","type":"post","link":"https:\/\/datastorica.it\/blog\/2011\/12\/15\/onu-javier-perez-de-cuellar-nuovo-segretario-generale\/","title":{"rendered":"Onu: Javier Perez de Cuellar nuovo segretario generale"},"content":{"rendered":"<p><a href=\"http:\/\/agenziacalendario.com\/wp\/wp-content\/uploads\/2011\/12\/Perez-de-Cuellar.jpeg\"><img loading=\"lazy\" decoding=\"async\" class=\"alignleft size-thumbnail wp-image-5908\" title=\"Perez de Cuellar\" src=\"http:\/\/agenziacalendario.com\/wp\/wp-content\/uploads\/2011\/12\/Perez-de-Cuellar-150x150.jpg\" alt=\"\" width=\"150\" height=\"150\" \/><\/a>Il 15 dicembre 1981 a New York, (New York, Usa) l&#8217;Assemblea generale delle Nazione Unite elegge il diplomatico peruviano Javier Perez de Cuellar come successore del defunto Kurt Waldheim alla segreteria generale: ricoprir\u00e0 questa carica fino al 1992. De Cuellar nasce il 19 gennaio 1920 a Lima (Per\u00f9), diplomatico di carriera dal 1944 e nel 1969 diventa ambasciatore a Mosca (Russia, Urss). Nel 1971 \u00e8 trasferito alle Nazioni unite dove rappresenta sino al 1975 il suo Paese. Candidato del movimento indipendente Union por el Per\u00f9 nelle elezioni del 1995, \u00e8 sconfitto dal presidente in carica, Fujimori. Nel 2000, \u00e8 richiamato in patria dal presidente ad interim, Valentin Paniagua, per governare come primo ministro il Per\u00fa fino alle elezioni anticipate del 2001.<\/p>\n","protected":false},"excerpt":{"rendered":"<p>Il 15 dicembre 1981 a New York, (New York, Usa) l&#8217;Assemblea generale delle Nazione Unite elegge il diplomatico peruviano Javier Perez de Cuellar come successore del defunto Kurt Waldheim alla segreteria generale: ricoprir\u00e0 questa carica fino al 1992. De Cuellar nasce il 19 gennaio 1920 a Lima (Per\u00f9), diplomatico di carriera dal 1944 e nel [&hellip;]<\/p>\n","protected":false},"author":1,"featured_media":0,"comment_status":"open","ping_status":"open","sticky":false,"template":"","format":"standard","meta":{"footnotes":""},"categories":[],"tags":[],"class_list":["post-5907","post","type-post","status-publish","format-standard","hentry"],"_links":{"self":[{"href":"https:\/\/datastorica.it\/blog\/wp-json\/wp\/v2\/posts\/5907","targetHints":{"allow":["GET"]}}],"collection":[{"href":"https:\/\/datastorica.it\/blog\/wp-json\/wp\/v2\/posts"}],"about":[{"href":"https:\/\/datastorica.it\/blog\/wp-json\/wp\/v2\/types\/post"}],"author":[{"embeddable":true,"href":"https:\/\/datastorica.it\/blog\/wp-json\/wp\/v2\/users\/1"}],"replies":[{"embeddable":true,"href":"https:\/\/datastorica.it\/blog\/wp-json\/wp\/v2\/comments?post=5907"}],"version-history":[{"count":2,"href":"https:\/\/datastorica.it\/blog\/wp-json\/wp\/v2\/posts\/5907\/revisions"}],"predecessor-version":[{"id":5910,"href":"https:\/\/datastorica.it\/blog\/wp-json\/wp\/v2\/posts\/5907\/revisions\/5910"}],"wp:attachment":[{"href":"https:\/\/datastorica.it\/blog\/wp-json\/wp\/v2\/media?parent=5907"}],"wp:term":[{"taxonomy":"category","embeddable":true,"href":"https:\/\/datastorica.it\/blog\/wp-json\/wp\/v2\/categories?post=5907"},{"taxonomy":"post_tag","embeddable":true,"href":"https:\/\/datastorica.it\/blog\/wp-json\/wp\/v2\/tags?post=5907"}],"curies":[{"name":"wp","href":"https:\/\/api.w.org\/{rel}","templated":true}]}}