{"id":5946,"date":"2011-12-16T16:10:56","date_gmt":"2011-12-16T15:10:56","guid":{"rendered":"http:\/\/agenziacalendario.com\/wp\/?p=5946"},"modified":"2011-12-16T09:27:16","modified_gmt":"2011-12-16T08:27:16","slug":"muore-di-aids-lo-scrittore-pier-vittorio-tondelli","status":"publish","type":"post","link":"https:\/\/datastorica.it\/blog\/2011\/12\/16\/muore-di-aids-lo-scrittore-pier-vittorio-tondelli\/","title":{"rendered":"Muore di Aids lo scrittore Pier Vittorio Tondelli"},"content":{"rendered":"<p><a href=\"http:\/\/agenziacalendario.com\/wp\/wp-content\/uploads\/2011\/12\/pier-vittorio-tondelli.jpeg\"><img loading=\"lazy\" decoding=\"async\" class=\"alignleft size-full wp-image-5947\" title=\"pier vittorio tondelli\" src=\"http:\/\/agenziacalendario.com\/wp\/wp-content\/uploads\/2011\/12\/pier-vittorio-tondelli.jpeg\" alt=\"\" width=\"176\" height=\"287\" \/><\/a>Il 16 dicembre 1991 muore di Aids a Reggio Emilia lo scrittore Pier Vittorio Tondelli, tra i pi\u00f9 rappresentativi &#8216;giovani scrittori&#8217; degli anni Ottanta. Tondelli nasce il 14 settembre 1955 a Correggio (Reggio Emilia), studia all\u2019Universit\u00e0 di Bologna e debutta come scrittore con &#8220;Altri libertini&#8221;. Il suo lavoro giornalistico e saggistico \u00e8 raccolto nel volume &#8220;Un weekend postmoderno&#8221; (1991). Importante \u00e8 anche la sua attivit\u00e0 di coordinatore di nuovi scrittori giovani e giovanissimi: nelle due antologie curate da Tondelli (Under 25. Giovani blues, 1986; Belli &amp; perversi. Under 25 secondo, 1987) sono infatti presenti autori destinati in seguito ad affermarsi.<\/p>\n","protected":false},"excerpt":{"rendered":"<p>Il 16 dicembre 1991 muore di Aids a Reggio Emilia lo scrittore Pier Vittorio Tondelli, tra i pi\u00f9 rappresentativi &#8216;giovani scrittori&#8217; degli anni Ottanta. Tondelli nasce il 14 settembre 1955 a Correggio (Reggio Emilia), studia all\u2019Universit\u00e0 di Bologna e debutta come scrittore con &#8220;Altri libertini&#8221;. Il suo lavoro giornalistico e saggistico \u00e8 raccolto nel volume [&hellip;]<\/p>\n","protected":false},"author":1,"featured_media":0,"comment_status":"open","ping_status":"open","sticky":false,"template":"","format":"standard","meta":{"footnotes":""},"categories":[],"tags":[],"class_list":["post-5946","post","type-post","status-publish","format-standard","hentry"],"_links":{"self":[{"href":"https:\/\/datastorica.it\/blog\/wp-json\/wp\/v2\/posts\/5946","targetHints":{"allow":["GET"]}}],"collection":[{"href":"https:\/\/datastorica.it\/blog\/wp-json\/wp\/v2\/posts"}],"about":[{"href":"https:\/\/datastorica.it\/blog\/wp-json\/wp\/v2\/types\/post"}],"author":[{"embeddable":true,"href":"https:\/\/datastorica.it\/blog\/wp-json\/wp\/v2\/users\/1"}],"replies":[{"embeddable":true,"href":"https:\/\/datastorica.it\/blog\/wp-json\/wp\/v2\/comments?post=5946"}],"version-history":[{"count":1,"href":"https:\/\/datastorica.it\/blog\/wp-json\/wp\/v2\/posts\/5946\/revisions"}],"predecessor-version":[{"id":5948,"href":"https:\/\/datastorica.it\/blog\/wp-json\/wp\/v2\/posts\/5946\/revisions\/5948"}],"wp:attachment":[{"href":"https:\/\/datastorica.it\/blog\/wp-json\/wp\/v2\/media?parent=5946"}],"wp:term":[{"taxonomy":"category","embeddable":true,"href":"https:\/\/datastorica.it\/blog\/wp-json\/wp\/v2\/categories?post=5946"},{"taxonomy":"post_tag","embeddable":true,"href":"https:\/\/datastorica.it\/blog\/wp-json\/wp\/v2\/tags?post=5946"}],"curies":[{"name":"wp","href":"https:\/\/api.w.org\/{rel}","templated":true}]}}