{"id":5968,"date":"2011-12-17T13:03:05","date_gmt":"2011-12-17T12:03:05","guid":{"rendered":"http:\/\/agenziacalendario.com\/wp\/?p=5968"},"modified":"2011-12-17T09:05:29","modified_gmt":"2011-12-17T08:05:29","slug":"le-brigate-rosse-rapiscono-il-generale-della-nato-james-lee-dozier","status":"publish","type":"post","link":"https:\/\/datastorica.it\/blog\/2011\/12\/17\/le-brigate-rosse-rapiscono-il-generale-della-nato-james-lee-dozier\/","title":{"rendered":"Le Brigate rosse rapiscono il generale della Nato James Lee Dozier"},"content":{"rendered":"<p><a href=\"http:\/\/agenziacalendario.com\/wp\/wp-content\/uploads\/2011\/12\/220px-Dozier.jpg\"><img loading=\"lazy\" decoding=\"async\" class=\"alignleft size-thumbnail wp-image-5969\" title=\"220px-Dozier\" src=\"http:\/\/agenziacalendario.com\/wp\/wp-content\/uploads\/2011\/12\/220px-Dozier-150x150.jpg\" alt=\"\" width=\"150\" height=\"150\" \/><\/a>Il 17 dicembre 1981 a Verona un nucleo delle Br sequestra il generale James Lee Dozier, vice comandante della Nato per il sud Europa. Il generale \u00e8 atteso dai terroristi nella sua casa di Verona e la moglie, immobilizzata e legata, riesce a dare l&#8217;allarme solo due ore dopo il rapimento. L&#8217;operazione, a cui partecipano le colonne veneta, milanese, romana e napoletana delle Br, ha pi\u00f9 che altro un carattere propagandistico. Di fronte all&#8217;azione pi\u00f9 incisiva delle forze dell&#8217;ordine e all&#8217;assottigliarsi della schiera dei fiancheggiatori, le Br con questa clamorosa azione tentano di superare le difficolt\u00e0 interne, createsi in occasione dei precedenti rapimenti per riaffermare le loro capacit\u00e0 di iniziativa e di attacco. Con una brillante operazione che porta alla cattura di numerosi brigatisti, Dozier sar\u00e0 liberato dalle forze dell&#8217;ordine il 28 gennaio 1982.<\/p>\n","protected":false},"excerpt":{"rendered":"<p>Il 17 dicembre 1981 a Verona un nucleo delle Br sequestra il generale James Lee Dozier, vice comandante della Nato per il sud Europa. Il generale \u00e8 atteso dai terroristi nella sua casa di Verona e la moglie, immobilizzata e legata, riesce a dare l&#8217;allarme solo due ore dopo il rapimento. L&#8217;operazione, a cui partecipano [&hellip;]<\/p>\n","protected":false},"author":1,"featured_media":0,"comment_status":"open","ping_status":"open","sticky":false,"template":"","format":"standard","meta":{"footnotes":""},"categories":[],"tags":[],"class_list":["post-5968","post","type-post","status-publish","format-standard","hentry"],"_links":{"self":[{"href":"https:\/\/datastorica.it\/blog\/wp-json\/wp\/v2\/posts\/5968","targetHints":{"allow":["GET"]}}],"collection":[{"href":"https:\/\/datastorica.it\/blog\/wp-json\/wp\/v2\/posts"}],"about":[{"href":"https:\/\/datastorica.it\/blog\/wp-json\/wp\/v2\/types\/post"}],"author":[{"embeddable":true,"href":"https:\/\/datastorica.it\/blog\/wp-json\/wp\/v2\/users\/1"}],"replies":[{"embeddable":true,"href":"https:\/\/datastorica.it\/blog\/wp-json\/wp\/v2\/comments?post=5968"}],"version-history":[{"count":1,"href":"https:\/\/datastorica.it\/blog\/wp-json\/wp\/v2\/posts\/5968\/revisions"}],"predecessor-version":[{"id":5970,"href":"https:\/\/datastorica.it\/blog\/wp-json\/wp\/v2\/posts\/5968\/revisions\/5970"}],"wp:attachment":[{"href":"https:\/\/datastorica.it\/blog\/wp-json\/wp\/v2\/media?parent=5968"}],"wp:term":[{"taxonomy":"category","embeddable":true,"href":"https:\/\/datastorica.it\/blog\/wp-json\/wp\/v2\/categories?post=5968"},{"taxonomy":"post_tag","embeddable":true,"href":"https:\/\/datastorica.it\/blog\/wp-json\/wp\/v2\/tags?post=5968"}],"curies":[{"name":"wp","href":"https:\/\/api.w.org\/{rel}","templated":true}]}}