{"id":6327,"date":"2011-12-30T13:40:54","date_gmt":"2011-12-30T12:40:54","guid":{"rendered":"http:\/\/agenziacalendario.com\/wp\/?p=6327"},"modified":"2011-12-30T11:56:18","modified_gmt":"2011-12-30T10:56:18","slug":"nasce-edoardo-garrone-amministratore-delegato-della-sampdoria","status":"publish","type":"post","link":"https:\/\/datastorica.it\/blog\/2011\/12\/30\/nasce-edoardo-garrone-amministratore-delegato-della-sampdoria\/","title":{"rendered":"Nasce Edoardo Garrone, amministratore delegato della Sampdoria"},"content":{"rendered":"<p><a href=\"http:\/\/agenziacalendario.com\/wp\/wp-content\/uploads\/2011\/12\/edoardo-garrone.jpeg\"><img loading=\"lazy\" decoding=\"async\" class=\"alignleft size-thumbnail wp-image-6328\" title=\"edoardo garrone\" src=\"http:\/\/agenziacalendario.com\/wp\/wp-content\/uploads\/2011\/12\/edoardo-garrone-150x150.jpg\" alt=\"\" width=\"150\" height=\"150\" \/><\/a>Il 30 dicembre 1961 nasce a Genova l&#8217;imprenditore Edoardo Garrone, aureato in scienze politiche a Firenze, si specializza in economia e finanza a Londra e negli Stati uniti. Dopo aver lavorato per la Marsud, societ\u00e0 armatoriale di Bari entra, nel 1988, in Erg Spa (l&#8217;azienda di famiglia) dove ricopre incarichi dirigenziali alla direzione pianificazione strategica del gruppo diventando il vicepresidente nel 1991. Dal 1994 al 1997 \u00e8 vicepresidente dell&#8217;Associazione Industriali di Genova e dal 1997 al 1998 presidente del Gruppo giovani dell&#8217;industria di Genova. Nel 2000 \u00e8 eletto presidente dei giovani imprenditori di Confindustria. Edoardo Garrone \u00e8 anche vicepresidente vicario e amministratore delegato dell&#8217;U.C. Sampdoria, di propriet\u00e0 del padre Riccardo.<\/p>\n","protected":false},"excerpt":{"rendered":"<p>Il 30 dicembre 1961 nasce a Genova l&#8217;imprenditore Edoardo Garrone, aureato in scienze politiche a Firenze, si specializza in economia e finanza a Londra e negli Stati uniti. Dopo aver lavorato per la Marsud, societ\u00e0 armatoriale di Bari entra, nel 1988, in Erg Spa (l&#8217;azienda di famiglia) dove ricopre incarichi dirigenziali alla direzione pianificazione strategica [&hellip;]<\/p>\n","protected":false},"author":1,"featured_media":0,"comment_status":"open","ping_status":"open","sticky":false,"template":"","format":"standard","meta":{"footnotes":""},"categories":[],"tags":[],"class_list":["post-6327","post","type-post","status-publish","format-standard","hentry"],"_links":{"self":[{"href":"https:\/\/datastorica.it\/blog\/wp-json\/wp\/v2\/posts\/6327","targetHints":{"allow":["GET"]}}],"collection":[{"href":"https:\/\/datastorica.it\/blog\/wp-json\/wp\/v2\/posts"}],"about":[{"href":"https:\/\/datastorica.it\/blog\/wp-json\/wp\/v2\/types\/post"}],"author":[{"embeddable":true,"href":"https:\/\/datastorica.it\/blog\/wp-json\/wp\/v2\/users\/1"}],"replies":[{"embeddable":true,"href":"https:\/\/datastorica.it\/blog\/wp-json\/wp\/v2\/comments?post=6327"}],"version-history":[{"count":2,"href":"https:\/\/datastorica.it\/blog\/wp-json\/wp\/v2\/posts\/6327\/revisions"}],"predecessor-version":[{"id":6334,"href":"https:\/\/datastorica.it\/blog\/wp-json\/wp\/v2\/posts\/6327\/revisions\/6334"}],"wp:attachment":[{"href":"https:\/\/datastorica.it\/blog\/wp-json\/wp\/v2\/media?parent=6327"}],"wp:term":[{"taxonomy":"category","embeddable":true,"href":"https:\/\/datastorica.it\/blog\/wp-json\/wp\/v2\/categories?post=6327"},{"taxonomy":"post_tag","embeddable":true,"href":"https:\/\/datastorica.it\/blog\/wp-json\/wp\/v2\/tags?post=6327"}],"curies":[{"name":"wp","href":"https:\/\/api.w.org\/{rel}","templated":true}]}}