{"id":6739,"date":"2012-01-09T13:40:44","date_gmt":"2012-01-09T12:40:44","guid":{"rendered":"http:\/\/agenziacalendario.com\/wp\/?p=6739"},"modified":"2012-01-09T09:00:49","modified_gmt":"2012-01-09T08:00:49","slug":"br-catturato-lideologo-giovanni-senzani","status":"publish","type":"post","link":"https:\/\/datastorica.it\/blog\/2012\/01\/09\/br-catturato-lideologo-giovanni-senzani\/","title":{"rendered":"BR: catturato l&#8217;ideologo Giovanni Senzani"},"content":{"rendered":"<p><a href=\"http:\/\/agenziacalendario.com\/wp\/wp-content\/uploads\/2012\/01\/giovanni-senzani.jpeg\"><img loading=\"lazy\" decoding=\"async\" class=\"alignleft size-thumbnail wp-image-6740\" title=\"giovanni senzani\" src=\"http:\/\/agenziacalendario.com\/wp\/wp-content\/uploads\/2012\/01\/giovanni-senzani-150x150.jpg\" alt=\"\" width=\"150\" height=\"150\" \/><\/a>Il 9 gennaio 1982 a Roma, nel covo di via dei Pesci, viene arrestato per la seconda volta Giovanni Senzani, capo della cosiddetta ala movimentista delle Br: Con Senzani vengono arrestati altri 9 terroristi. Senzani rester\u00e0 in carcere fino al 29 gennaio 1999, quando otterr\u00e0 la semilibert\u00e0 dopo aver scontato 17 anni di carcere. Senzani nasce il 21 novembre 1942 a Forl\u00ec, laureato in Legge, docente di criminologia, autore de &#8220;Il serraglio di Stato&#8221;, uno dei saggi pi\u00f9 originali sulla condizione carceraria minorile in Italia, Senzani \u00e8 consulente tra gli anni Sessanta e Settanta del Ministero di Grazia e Giustizia. Personaggio tra i pi\u00f9 atipici del panorama eversivo italiano, entra a far parte delle Brigate rosse nelle fila del Comitato rivoluzionario toscano gi\u00e0 a partire dal 1976. Come leader delle Br Senzani progetta e porta a compimento i sequestri di Ciro Cirillo e Roberto Peci, teorizzando l\u2019alleanza tra il partito armato e strati sempre pi\u00f9 larghi di proletariato extralegale, fino a ipotizzare forme di collaborazione con la criminalit\u00e0 organizzata, camorra in testa.<\/p>\n","protected":false},"excerpt":{"rendered":"<p>Il 9 gennaio 1982 a Roma, nel covo di via dei Pesci, viene arrestato per la seconda volta Giovanni Senzani, capo della cosiddetta ala movimentista delle Br: Con Senzani vengono arrestati altri 9 terroristi. Senzani rester\u00e0 in carcere fino al 29 gennaio 1999, quando otterr\u00e0 la semilibert\u00e0 dopo aver scontato 17 anni di carcere. Senzani [&hellip;]<\/p>\n","protected":false},"author":1,"featured_media":0,"comment_status":"open","ping_status":"open","sticky":false,"template":"","format":"standard","meta":{"footnotes":""},"categories":[],"tags":[],"class_list":["post-6739","post","type-post","status-publish","format-standard","hentry"],"_links":{"self":[{"href":"https:\/\/datastorica.it\/blog\/wp-json\/wp\/v2\/posts\/6739","targetHints":{"allow":["GET"]}}],"collection":[{"href":"https:\/\/datastorica.it\/blog\/wp-json\/wp\/v2\/posts"}],"about":[{"href":"https:\/\/datastorica.it\/blog\/wp-json\/wp\/v2\/types\/post"}],"author":[{"embeddable":true,"href":"https:\/\/datastorica.it\/blog\/wp-json\/wp\/v2\/users\/1"}],"replies":[{"embeddable":true,"href":"https:\/\/datastorica.it\/blog\/wp-json\/wp\/v2\/comments?post=6739"}],"version-history":[{"count":1,"href":"https:\/\/datastorica.it\/blog\/wp-json\/wp\/v2\/posts\/6739\/revisions"}],"predecessor-version":[{"id":6741,"href":"https:\/\/datastorica.it\/blog\/wp-json\/wp\/v2\/posts\/6739\/revisions\/6741"}],"wp:attachment":[{"href":"https:\/\/datastorica.it\/blog\/wp-json\/wp\/v2\/media?parent=6739"}],"wp:term":[{"taxonomy":"category","embeddable":true,"href":"https:\/\/datastorica.it\/blog\/wp-json\/wp\/v2\/categories?post=6739"},{"taxonomy":"post_tag","embeddable":true,"href":"https:\/\/datastorica.it\/blog\/wp-json\/wp\/v2\/tags?post=6739"}],"curies":[{"name":"wp","href":"https:\/\/api.w.org\/{rel}","templated":true}]}}