{"id":6796,"date":"2012-01-12T12:48:32","date_gmt":"2012-01-12T11:48:32","guid":{"rendered":"http:\/\/agenziacalendario.com\/wp\/?p=6796"},"modified":"2012-01-11T21:50:01","modified_gmt":"2012-01-11T20:50:01","slug":"il-procuratore-capo-borrelli-resistere-resistere-resistere","status":"publish","type":"post","link":"https:\/\/datastorica.it\/blog\/2012\/01\/12\/il-procuratore-capo-borrelli-resistere-resistere-resistere\/","title":{"rendered":"Il procuratore capo Borrelli: &#8220;Resistere, resistere, resistere&#8221;"},"content":{"rendered":"<p>Il 12 gennaio 2002 a Milano il procuratore capo della repubblica Francesco Saverio Borrelli, durante l&#8217;inaugurazione dell&#8217;anno giudiziario, invita a \u00abResistere, resistere, resistere\u00bb. Borrelli denuncia la campagna di delegittimazione in atto contro alcune procure, rivendica l\u2019indipendenza della magistratura e conclude con un appello a resistere &#8220;come sulla linea del Piave&#8221;. Quella di Borrelli \u00e8 la protesta pi\u00f9 clamorosa, ma in numerose citt\u00e0 i magistrati aderenti all\u2019Anm (Associazione nazionale magistrati) presenziano indossando la toga nera, restando in piedi e, in alcuni casi, abbandonando l\u2019aula durante gli interventi di rappresentanti del governo.<\/p>\n","protected":false},"excerpt":{"rendered":"<p>Il 12 gennaio 2002 a Milano il procuratore capo della repubblica Francesco Saverio Borrelli, durante l&#8217;inaugurazione dell&#8217;anno giudiziario, invita a \u00abResistere, resistere, resistere\u00bb. Borrelli denuncia la campagna di delegittimazione in atto contro alcune procure, rivendica l\u2019indipendenza della magistratura e conclude con un appello a resistere &#8220;come sulla linea del Piave&#8221;. Quella di Borrelli \u00e8 la [&hellip;]<\/p>\n","protected":false},"author":1,"featured_media":0,"comment_status":"open","ping_status":"open","sticky":false,"template":"","format":"standard","meta":{"footnotes":""},"categories":[],"tags":[],"class_list":["post-6796","post","type-post","status-publish","format-standard","hentry"],"_links":{"self":[{"href":"https:\/\/datastorica.it\/blog\/wp-json\/wp\/v2\/posts\/6796","targetHints":{"allow":["GET"]}}],"collection":[{"href":"https:\/\/datastorica.it\/blog\/wp-json\/wp\/v2\/posts"}],"about":[{"href":"https:\/\/datastorica.it\/blog\/wp-json\/wp\/v2\/types\/post"}],"author":[{"embeddable":true,"href":"https:\/\/datastorica.it\/blog\/wp-json\/wp\/v2\/users\/1"}],"replies":[{"embeddable":true,"href":"https:\/\/datastorica.it\/blog\/wp-json\/wp\/v2\/comments?post=6796"}],"version-history":[{"count":1,"href":"https:\/\/datastorica.it\/blog\/wp-json\/wp\/v2\/posts\/6796\/revisions"}],"predecessor-version":[{"id":6797,"href":"https:\/\/datastorica.it\/blog\/wp-json\/wp\/v2\/posts\/6796\/revisions\/6797"}],"wp:attachment":[{"href":"https:\/\/datastorica.it\/blog\/wp-json\/wp\/v2\/media?parent=6796"}],"wp:term":[{"taxonomy":"category","embeddable":true,"href":"https:\/\/datastorica.it\/blog\/wp-json\/wp\/v2\/categories?post=6796"},{"taxonomy":"post_tag","embeddable":true,"href":"https:\/\/datastorica.it\/blog\/wp-json\/wp\/v2\/tags?post=6796"}],"curies":[{"name":"wp","href":"https:\/\/api.w.org\/{rel}","templated":true}]}}