{"id":6842,"date":"2012-01-14T11:50:08","date_gmt":"2012-01-14T10:50:08","guid":{"rendered":"http:\/\/agenziacalendario.com\/wp\/?p=6842"},"modified":"2012-01-14T09:29:51","modified_gmt":"2012-01-14T08:29:51","slug":"nasce-limprenditore-angelo-carlo-festa-presidente-della-belfe","status":"publish","type":"post","link":"https:\/\/datastorica.it\/blog\/2012\/01\/14\/nasce-limprenditore-angelo-carlo-festa-presidente-della-belfe\/","title":{"rendered":"Nasce l&#8217;imprenditore Angelo Carlo Festa, presidente della Belfe"},"content":{"rendered":"<p>Il 14 gennaio 1922 nasce a Marostica (Vicenza) l&#8217;imprenditore Angelo Carlo Festa, Cavaliere del Lavoro dal 2 giugno 1998 e presidente della Belfe che, formata nel 1920 per la produzione di semilavorati in paglia e capi impermeabilizzati, \u00e8 la prima azienda in Europa produttrice di abbigliamento sportivo. Festa ne segue la parte commerciale e finanziaria, ma anche quella creativa con la scelta dei tessuti e dei modelli. Nel 1950 la Belfe presenta le prime collezioni coordinate, per lo sci e la moda casual per uomo e donna. L&#8217;originalit\u00e0 della societ\u00e0 nel settore sportivo \u00e8 rappresentata da produzione di capi di elevata qualit\u00e0 e con un accentuato contenuto &#8220;moda&#8221;. Nel 1985 viene decisa la creazione di due grandi divisioni aziendali: una per la produzione di capi per lo sport attivo e l&#8217;altra per le linee sportswear. (Non \u00e8 nota la data e il luogo di morte).<\/p>\n","protected":false},"excerpt":{"rendered":"<p>Il 14 gennaio 1922 nasce a Marostica (Vicenza) l&#8217;imprenditore Angelo Carlo Festa, Cavaliere del Lavoro dal 2 giugno 1998 e presidente della Belfe che, formata nel 1920 per la produzione di semilavorati in paglia e capi impermeabilizzati, \u00e8 la prima azienda in Europa produttrice di abbigliamento sportivo. Festa ne segue la parte commerciale e finanziaria, [&hellip;]<\/p>\n","protected":false},"author":1,"featured_media":0,"comment_status":"open","ping_status":"open","sticky":false,"template":"","format":"standard","meta":{"footnotes":""},"categories":[],"tags":[],"class_list":["post-6842","post","type-post","status-publish","format-standard","hentry"],"_links":{"self":[{"href":"https:\/\/datastorica.it\/blog\/wp-json\/wp\/v2\/posts\/6842","targetHints":{"allow":["GET"]}}],"collection":[{"href":"https:\/\/datastorica.it\/blog\/wp-json\/wp\/v2\/posts"}],"about":[{"href":"https:\/\/datastorica.it\/blog\/wp-json\/wp\/v2\/types\/post"}],"author":[{"embeddable":true,"href":"https:\/\/datastorica.it\/blog\/wp-json\/wp\/v2\/users\/1"}],"replies":[{"embeddable":true,"href":"https:\/\/datastorica.it\/blog\/wp-json\/wp\/v2\/comments?post=6842"}],"version-history":[{"count":1,"href":"https:\/\/datastorica.it\/blog\/wp-json\/wp\/v2\/posts\/6842\/revisions"}],"predecessor-version":[{"id":6843,"href":"https:\/\/datastorica.it\/blog\/wp-json\/wp\/v2\/posts\/6842\/revisions\/6843"}],"wp:attachment":[{"href":"https:\/\/datastorica.it\/blog\/wp-json\/wp\/v2\/media?parent=6842"}],"wp:term":[{"taxonomy":"category","embeddable":true,"href":"https:\/\/datastorica.it\/blog\/wp-json\/wp\/v2\/categories?post=6842"},{"taxonomy":"post_tag","embeddable":true,"href":"https:\/\/datastorica.it\/blog\/wp-json\/wp\/v2\/tags?post=6842"}],"curies":[{"name":"wp","href":"https:\/\/api.w.org\/{rel}","templated":true}]}}