{"id":6864,"date":"2012-01-15T10:10:09","date_gmt":"2012-01-15T09:10:09","guid":{"rendered":"http:\/\/agenziacalendario.com\/wp\/?p=6864"},"modified":"2012-01-14T21:43:42","modified_gmt":"2012-01-14T20:43:42","slug":"nasce-il-politico-michel-debre-fonda-lena-e-scrive-la-costituzione","status":"publish","type":"post","link":"https:\/\/datastorica.it\/blog\/2012\/01\/15\/nasce-il-politico-michel-debre-fonda-lena-e-scrive-la-costituzione\/","title":{"rendered":"Nasce il politico Michel Debr\u00e9, fonda l&#8217;Ena e scrive la Costituzione"},"content":{"rendered":"<p><a href=\"http:\/\/agenziacalendario.com\/wp\/wp-content\/uploads\/2012\/01\/michel-Debr%C3%A9.jpeg\"><img loading=\"lazy\" decoding=\"async\" class=\"alignleft size-thumbnail wp-image-6865\" title=\"michel Debr\u00e9\" src=\"http:\/\/agenziacalendario.com\/wp\/wp-content\/uploads\/2012\/01\/michel-Debr%C3%A9-150x150.jpg\" alt=\"\" width=\"150\" height=\"150\" \/><\/a>Il 15 gennaio 1912 nasce a Parigi (Francia) il politico Michel Debr\u00e9 laureato in legge e in scienze politiche, \u00e8 consigliere di Stato a 22 anni. Plenipotenziario di De Gaulle durante la II Guerra mondiale, nel 1945 Debr\u00e9 promuove l&#8217;istituzione dell&#8217;\u00c9cole nationale d&#8217;administration (Ena), la fucina degli alti funzionari francesi. Ministro della giustizia di De Gaulle (1958-59), Debr\u00e9 elabora la costituzione della V repubblica. Primo ministro (1959-62), ministro delle finanze, degli esteri e della difesa dal 1966 al 1973, rappresenta l&#8217;ala nazionalista e conservatrice del gollismo. Debr\u00e9 muore il 2 agosto 1996 a Montlouis-sur-Loire (Francia).<\/p>\n","protected":false},"excerpt":{"rendered":"<p>Il 15 gennaio 1912 nasce a Parigi (Francia) il politico Michel Debr\u00e9 laureato in legge e in scienze politiche, \u00e8 consigliere di Stato a 22 anni. Plenipotenziario di De Gaulle durante la II Guerra mondiale, nel 1945 Debr\u00e9 promuove l&#8217;istituzione dell&#8217;\u00c9cole nationale d&#8217;administration (Ena), la fucina degli alti funzionari francesi. Ministro della giustizia di De [&hellip;]<\/p>\n","protected":false},"author":1,"featured_media":0,"comment_status":"open","ping_status":"open","sticky":false,"template":"","format":"standard","meta":{"footnotes":""},"categories":[],"tags":[],"class_list":["post-6864","post","type-post","status-publish","format-standard","hentry"],"_links":{"self":[{"href":"https:\/\/datastorica.it\/blog\/wp-json\/wp\/v2\/posts\/6864","targetHints":{"allow":["GET"]}}],"collection":[{"href":"https:\/\/datastorica.it\/blog\/wp-json\/wp\/v2\/posts"}],"about":[{"href":"https:\/\/datastorica.it\/blog\/wp-json\/wp\/v2\/types\/post"}],"author":[{"embeddable":true,"href":"https:\/\/datastorica.it\/blog\/wp-json\/wp\/v2\/users\/1"}],"replies":[{"embeddable":true,"href":"https:\/\/datastorica.it\/blog\/wp-json\/wp\/v2\/comments?post=6864"}],"version-history":[{"count":1,"href":"https:\/\/datastorica.it\/blog\/wp-json\/wp\/v2\/posts\/6864\/revisions"}],"predecessor-version":[{"id":6866,"href":"https:\/\/datastorica.it\/blog\/wp-json\/wp\/v2\/posts\/6864\/revisions\/6866"}],"wp:attachment":[{"href":"https:\/\/datastorica.it\/blog\/wp-json\/wp\/v2\/media?parent=6864"}],"wp:term":[{"taxonomy":"category","embeddable":true,"href":"https:\/\/datastorica.it\/blog\/wp-json\/wp\/v2\/categories?post=6864"},{"taxonomy":"post_tag","embeddable":true,"href":"https:\/\/datastorica.it\/blog\/wp-json\/wp\/v2\/tags?post=6864"}],"curies":[{"name":"wp","href":"https:\/\/api.w.org\/{rel}","templated":true}]}}