{"id":6879,"date":"2012-01-15T14:20:19","date_gmt":"2012-01-15T13:20:19","guid":{"rendered":"http:\/\/agenziacalendario.com\/wp\/?p=6879"},"modified":"2012-01-14T22:02:29","modified_gmt":"2012-01-14T21:02:29","slug":"presentata-la-nuova-fiat-500","status":"publish","type":"post","link":"https:\/\/datastorica.it\/blog\/2012\/01\/15\/presentata-la-nuova-fiat-500\/","title":{"rendered":"Presentata la nuova Fiat 500"},"content":{"rendered":"<p>Il 15 gennaio 1972 a Roma, in Piazza Montecitorio, viene presentata al Presidente della Camera Nilde Iotti la versione moderna della mitica Cinquecento, il modello di utilitaria della Fiat che spopola negli anni Sessanta. La 500 \u00e8 infatti per milioni di italiani la prima auto. Insieme alla 600, accompagna il boom economico del dopoguerra. Uno dei modelli pi\u00f9 riusciti e venduti dalla Fiat, messo in soffitta per alcuni anni, \u00e8 ora riproposto con un design pi\u00f9 rispondente ai tempi, ma senza quel fascino del vecchio &#8216;cinquino&#8217;.\u00a0 La Cinquecento \u00e8 diventata oggetto di culto e di collezionismo. Numerosi sono i club e i raduni di modelli d&#8217;epoca che ogni anno si tengono in varie parti d&#8217;Italia.<\/p>\n","protected":false},"excerpt":{"rendered":"<p>Il 15 gennaio 1972 a Roma, in Piazza Montecitorio, viene presentata al Presidente della Camera Nilde Iotti la versione moderna della mitica Cinquecento, il modello di utilitaria della Fiat che spopola negli anni Sessanta. La 500 \u00e8 infatti per milioni di italiani la prima auto. Insieme alla 600, accompagna il boom economico del dopoguerra. Uno [&hellip;]<\/p>\n","protected":false},"author":1,"featured_media":0,"comment_status":"open","ping_status":"open","sticky":false,"template":"","format":"standard","meta":{"footnotes":""},"categories":[],"tags":[],"class_list":["post-6879","post","type-post","status-publish","format-standard","hentry"],"_links":{"self":[{"href":"https:\/\/datastorica.it\/blog\/wp-json\/wp\/v2\/posts\/6879","targetHints":{"allow":["GET"]}}],"collection":[{"href":"https:\/\/datastorica.it\/blog\/wp-json\/wp\/v2\/posts"}],"about":[{"href":"https:\/\/datastorica.it\/blog\/wp-json\/wp\/v2\/types\/post"}],"author":[{"embeddable":true,"href":"https:\/\/datastorica.it\/blog\/wp-json\/wp\/v2\/users\/1"}],"replies":[{"embeddable":true,"href":"https:\/\/datastorica.it\/blog\/wp-json\/wp\/v2\/comments?post=6879"}],"version-history":[{"count":2,"href":"https:\/\/datastorica.it\/blog\/wp-json\/wp\/v2\/posts\/6879\/revisions"}],"predecessor-version":[{"id":6881,"href":"https:\/\/datastorica.it\/blog\/wp-json\/wp\/v2\/posts\/6879\/revisions\/6881"}],"wp:attachment":[{"href":"https:\/\/datastorica.it\/blog\/wp-json\/wp\/v2\/media?parent=6879"}],"wp:term":[{"taxonomy":"category","embeddable":true,"href":"https:\/\/datastorica.it\/blog\/wp-json\/wp\/v2\/categories?post=6879"},{"taxonomy":"post_tag","embeddable":true,"href":"https:\/\/datastorica.it\/blog\/wp-json\/wp\/v2\/tags?post=6879"}],"curies":[{"name":"wp","href":"https:\/\/api.w.org\/{rel}","templated":true}]}}