{"id":6926,"date":"2012-01-17T13:40:41","date_gmt":"2012-01-17T12:40:41","guid":{"rendered":"http:\/\/agenziacalendario.com\/wp\/?p=6926"},"modified":"2012-01-17T09:03:02","modified_gmt":"2012-01-17T08:03:02","slug":"istituita-la-dna-direzione-nazionale-antimafia","status":"publish","type":"post","link":"https:\/\/datastorica.it\/blog\/2012\/01\/17\/istituita-la-dna-direzione-nazionale-antimafia\/","title":{"rendered":"Istituita la Dna, Direzione nazionale antimafia"},"content":{"rendered":"<p><a href=\"http:\/\/agenziacalendario.com\/wp\/wp-content\/uploads\/2012\/01\/220px-Giovanni_Falcone.jpg\"><img loading=\"lazy\" decoding=\"async\" class=\"alignleft size-medium wp-image-6927\" title=\"220px-Giovanni_Falcone\" src=\"http:\/\/agenziacalendario.com\/wp\/wp-content\/uploads\/2012\/01\/220px-Giovanni_Falcone-197x300.jpg\" alt=\"\" width=\"197\" height=\"300\" srcset=\"https:\/\/datastorica.it\/blog\/wp-content\/uploads\/2012\/01\/220px-Giovanni_Falcone-197x300.jpg 197w, https:\/\/datastorica.it\/blog\/wp-content\/uploads\/2012\/01\/220px-Giovanni_Falcone.jpg 220w\" sizes=\"auto, (max-width: 197px) 100vw, 197px\" \/><\/a>Il 17 gennaio 1992 la Camera dei deputati converte in legge, grazie al voto di fiducia, il decreto\u00a0 che istituisce la Dna, Direzione nazionale antimafia. La Superprocura, che avr\u00e0 una struttura centrale ed una periferica, dovr\u00e0 per\u00f2 attendere per essere operativa la nomina del procuratore nazionale e dei venti sostituti procuratori che costituiranno il vertice dell&#8217;apparato. L&#8217;idea della Dna \u00e8 fortemente sostenuta dal giudice Giovanni Falcone, direttore generale degli Affari penali del ministero di Grazia e Giustizia.<\/p>\n","protected":false},"excerpt":{"rendered":"<p>Il 17 gennaio 1992 la Camera dei deputati converte in legge, grazie al voto di fiducia, il decreto\u00a0 che istituisce la Dna, Direzione nazionale antimafia. La Superprocura, che avr\u00e0 una struttura centrale ed una periferica, dovr\u00e0 per\u00f2 attendere per essere operativa la nomina del procuratore nazionale e dei venti sostituti procuratori che costituiranno il vertice [&hellip;]<\/p>\n","protected":false},"author":1,"featured_media":0,"comment_status":"open","ping_status":"open","sticky":false,"template":"","format":"standard","meta":{"footnotes":""},"categories":[],"tags":[],"class_list":["post-6926","post","type-post","status-publish","format-standard","hentry"],"_links":{"self":[{"href":"https:\/\/datastorica.it\/blog\/wp-json\/wp\/v2\/posts\/6926","targetHints":{"allow":["GET"]}}],"collection":[{"href":"https:\/\/datastorica.it\/blog\/wp-json\/wp\/v2\/posts"}],"about":[{"href":"https:\/\/datastorica.it\/blog\/wp-json\/wp\/v2\/types\/post"}],"author":[{"embeddable":true,"href":"https:\/\/datastorica.it\/blog\/wp-json\/wp\/v2\/users\/1"}],"replies":[{"embeddable":true,"href":"https:\/\/datastorica.it\/blog\/wp-json\/wp\/v2\/comments?post=6926"}],"version-history":[{"count":1,"href":"https:\/\/datastorica.it\/blog\/wp-json\/wp\/v2\/posts\/6926\/revisions"}],"predecessor-version":[{"id":6928,"href":"https:\/\/datastorica.it\/blog\/wp-json\/wp\/v2\/posts\/6926\/revisions\/6928"}],"wp:attachment":[{"href":"https:\/\/datastorica.it\/blog\/wp-json\/wp\/v2\/media?parent=6926"}],"wp:term":[{"taxonomy":"category","embeddable":true,"href":"https:\/\/datastorica.it\/blog\/wp-json\/wp\/v2\/categories?post=6926"},{"taxonomy":"post_tag","embeddable":true,"href":"https:\/\/datastorica.it\/blog\/wp-json\/wp\/v2\/tags?post=6926"}],"curies":[{"name":"wp","href":"https:\/\/api.w.org\/{rel}","templated":true}]}}