{"id":6986,"date":"2012-01-19T12:40:10","date_gmt":"2012-01-19T11:40:10","guid":{"rendered":"http:\/\/agenziacalendario.com\/wp\/?p=6986"},"modified":"2012-01-18T22:39:45","modified_gmt":"2012-01-18T21:39:45","slug":"calcio-muore-vava-uno-dei-piu-famosi-centravanti-della-storia","status":"publish","type":"post","link":"https:\/\/datastorica.it\/blog\/2012\/01\/19\/calcio-muore-vava-uno-dei-piu-famosi-centravanti-della-storia\/","title":{"rendered":"Calcio: muore Vav\u00e0, uno dei pi\u00f9 famosi centravanti della storia"},"content":{"rendered":"<p>Il 19 gennaio 2002 muore a Rio de Janeiro (Brasile) Vava&#8217;, il &#8220;Leone&#8221; della nazionale brasiliana, che con Pel\u00e8 e Did\u00ec forma un terzetto imbattibile ed indimenticabile; con lui il calcio brasiliano perde una leggenda. Edvaldo Izidio Neto, questo il suo vero nome, nasce il 12 novembre 1934 a Recife (Brasile) ed \u00e8 fra i piu&#8217; famosi centravanti della storia calcistica brasiliana, noto per il suo opportunismo e la sua grinta, Vav\u00e0 esordisce nel 1952 in Nazionale durante le olimpiadi di Helsinki. Idolo per molti anni del Vasco da Gama, passa in Spagna nelle file dell&#8217;Atletico Madrid. Gioca anche in Messico e negli Stati Uniti chiudendo la carriera nel 1970. Lavora quindi come allenatore diventando assistente di Tele&#8217; Santana nella nazionale brasiliana. Nella &#8220;selecao&#8221; gioca 25 volte segnando 15 gol e vincendo due titoli mondiali conswecutivi: 1958 in Svezia e 1962 in Cile. La sua fama \u00e8 cos\u00ec grande che il Quartetto Cetra, negli anni Sessanta, gli dedica una canzone che dice: &#8220;La stelle del Brasile sono tre, Vav\u00e0-Did\u00ec-Pel\u00e9&#8221;.<\/p>\n","protected":false},"excerpt":{"rendered":"<p>Il 19 gennaio 2002 muore a Rio de Janeiro (Brasile) Vava&#8217;, il &#8220;Leone&#8221; della nazionale brasiliana, che con Pel\u00e8 e Did\u00ec forma un terzetto imbattibile ed indimenticabile; con lui il calcio brasiliano perde una leggenda. Edvaldo Izidio Neto, questo il suo vero nome, nasce il 12 novembre 1934 a Recife (Brasile) ed \u00e8 fra i [&hellip;]<\/p>\n","protected":false},"author":1,"featured_media":0,"comment_status":"open","ping_status":"open","sticky":false,"template":"","format":"standard","meta":{"footnotes":""},"categories":[],"tags":[],"class_list":["post-6986","post","type-post","status-publish","format-standard","hentry"],"_links":{"self":[{"href":"https:\/\/datastorica.it\/blog\/wp-json\/wp\/v2\/posts\/6986","targetHints":{"allow":["GET"]}}],"collection":[{"href":"https:\/\/datastorica.it\/blog\/wp-json\/wp\/v2\/posts"}],"about":[{"href":"https:\/\/datastorica.it\/blog\/wp-json\/wp\/v2\/types\/post"}],"author":[{"embeddable":true,"href":"https:\/\/datastorica.it\/blog\/wp-json\/wp\/v2\/users\/1"}],"replies":[{"embeddable":true,"href":"https:\/\/datastorica.it\/blog\/wp-json\/wp\/v2\/comments?post=6986"}],"version-history":[{"count":1,"href":"https:\/\/datastorica.it\/blog\/wp-json\/wp\/v2\/posts\/6986\/revisions"}],"predecessor-version":[{"id":6987,"href":"https:\/\/datastorica.it\/blog\/wp-json\/wp\/v2\/posts\/6986\/revisions\/6987"}],"wp:attachment":[{"href":"https:\/\/datastorica.it\/blog\/wp-json\/wp\/v2\/media?parent=6986"}],"wp:term":[{"taxonomy":"category","embeddable":true,"href":"https:\/\/datastorica.it\/blog\/wp-json\/wp\/v2\/categories?post=6986"},{"taxonomy":"post_tag","embeddable":true,"href":"https:\/\/datastorica.it\/blog\/wp-json\/wp\/v2\/tags?post=6986"}],"curies":[{"name":"wp","href":"https:\/\/api.w.org\/{rel}","templated":true}]}}