{"id":7028,"date":"2012-01-21T14:40:48","date_gmt":"2012-01-21T13:40:48","guid":{"rendered":"http:\/\/agenziacalendario.com\/wp\/?p=7028"},"modified":"2012-01-21T09:58:02","modified_gmt":"2012-01-21T08:58:02","slug":"le-monde-in-edicola-con-nuova-grafica-e-piu-spazio-per-i-nuovi-contenuti","status":"publish","type":"post","link":"https:\/\/datastorica.it\/blog\/2012\/01\/21\/le-monde-in-edicola-con-nuova-grafica-e-piu-spazio-per-i-nuovi-contenuti\/","title":{"rendered":"&#8220;Le Monde&#8221; in edicola con nuova grafica e pi\u00f9 spazio per i &#8220;nuovi contenuti&#8221;"},"content":{"rendered":"<p><a href=\"http:\/\/agenziacalendario.com\/wp\/wp-content\/uploads\/2012\/01\/800px-Le_monde_logo.svg_.png\"><img loading=\"lazy\" decoding=\"async\" class=\"alignleft size-medium wp-image-7029\" title=\"800px-Le_monde_logo.svg\" src=\"http:\/\/agenziacalendario.com\/wp\/wp-content\/uploads\/2012\/01\/800px-Le_monde_logo.svg_-300x69.png\" alt=\"\" width=\"300\" height=\"69\" srcset=\"https:\/\/datastorica.it\/blog\/wp-content\/uploads\/2012\/01\/800px-Le_monde_logo.svg_-300x69.png 300w, https:\/\/datastorica.it\/blog\/wp-content\/uploads\/2012\/01\/800px-Le_monde_logo.svg_.png 800w\" sizes=\"auto, (max-width: 300px) 100vw, 300px\" \/><\/a>Il 21 gennaio 2002 il pi\u00f9 tradizionale dei quotidiani francesi, uno dei pi\u00f9 autorevoli giornali del mondo, &#8220;cambia pelle&#8221;. D&#8217;ora in avanti dar\u00e0 permanentemente pi\u00f9 spazio a sport, Unione europea e Borsa, e uscir\u00e0 con molte fotografie. Fatto assolutamente rivoluzionario, se si considera che fino a ieri l&#8217;austero giornale si limitava esclusivamente alla vignetta del celebre Plantu.<\/p>\n","protected":false},"excerpt":{"rendered":"<p>Il 21 gennaio 2002 il pi\u00f9 tradizionale dei quotidiani francesi, uno dei pi\u00f9 autorevoli giornali del mondo, &#8220;cambia pelle&#8221;. D&#8217;ora in avanti dar\u00e0 permanentemente pi\u00f9 spazio a sport, Unione europea e Borsa, e uscir\u00e0 con molte fotografie. Fatto assolutamente rivoluzionario, se si considera che fino a ieri l&#8217;austero giornale si limitava esclusivamente alla vignetta del [&hellip;]<\/p>\n","protected":false},"author":1,"featured_media":0,"comment_status":"open","ping_status":"open","sticky":false,"template":"","format":"standard","meta":{"footnotes":""},"categories":[],"tags":[],"class_list":["post-7028","post","type-post","status-publish","format-standard","hentry"],"_links":{"self":[{"href":"https:\/\/datastorica.it\/blog\/wp-json\/wp\/v2\/posts\/7028","targetHints":{"allow":["GET"]}}],"collection":[{"href":"https:\/\/datastorica.it\/blog\/wp-json\/wp\/v2\/posts"}],"about":[{"href":"https:\/\/datastorica.it\/blog\/wp-json\/wp\/v2\/types\/post"}],"author":[{"embeddable":true,"href":"https:\/\/datastorica.it\/blog\/wp-json\/wp\/v2\/users\/1"}],"replies":[{"embeddable":true,"href":"https:\/\/datastorica.it\/blog\/wp-json\/wp\/v2\/comments?post=7028"}],"version-history":[{"count":1,"href":"https:\/\/datastorica.it\/blog\/wp-json\/wp\/v2\/posts\/7028\/revisions"}],"predecessor-version":[{"id":7030,"href":"https:\/\/datastorica.it\/blog\/wp-json\/wp\/v2\/posts\/7028\/revisions\/7030"}],"wp:attachment":[{"href":"https:\/\/datastorica.it\/blog\/wp-json\/wp\/v2\/media?parent=7028"}],"wp:term":[{"taxonomy":"category","embeddable":true,"href":"https:\/\/datastorica.it\/blog\/wp-json\/wp\/v2\/categories?post=7028"},{"taxonomy":"post_tag","embeddable":true,"href":"https:\/\/datastorica.it\/blog\/wp-json\/wp\/v2\/tags?post=7028"}],"curies":[{"name":"wp","href":"https:\/\/api.w.org\/{rel}","templated":true}]}}