{"id":7051,"date":"2012-01-22T12:40:16","date_gmt":"2012-01-22T11:40:16","guid":{"rendered":"http:\/\/agenziacalendario.com\/wp\/?p=7051"},"modified":"2012-01-21T20:42:56","modified_gmt":"2012-01-21T19:42:56","slug":"la-comunita-economica-europea-allarga-i-suoi-confini","status":"publish","type":"post","link":"https:\/\/datastorica.it\/blog\/2012\/01\/22\/la-comunita-economica-europea-allarga-i-suoi-confini\/","title":{"rendered":"La Comunit\u00e0 Economica Europea allarga i suoi confini"},"content":{"rendered":"<p>Il 22 gennaio 1972 la Cee si allarga: infatti a Bruxelles (Belgio) Gran Bretagna, Irlanda, Danimarca e Norvegia sottoscrivono il trattato di adesione che diventer\u00e0 esecutivo a partire dall&#8217;1 gennaio 1973. Particolarmente controverso \u00e8\u00a0 l&#8217;ingresso della Gran Bretagna contestato inizialmente dall&#8217;opposizione francese e poi da parte del Partito laburista inglese. La Norvegia, con un referendum, respinger\u00e0 nel mese di settembre l&#8217;adesione alla Comunit\u00e0. L&#8217;allargamento effettivo, quindi, riguarder\u00e0 soltanto Gran Bretagna, Irlanda e Danimarca che si aggiungeranno a Francia, Repubblica Federale Tedesca, Italia, Belgio, Olanda e Lussemburgo.<\/p>\n","protected":false},"excerpt":{"rendered":"<p>Il 22 gennaio 1972 la Cee si allarga: infatti a Bruxelles (Belgio) Gran Bretagna, Irlanda, Danimarca e Norvegia sottoscrivono il trattato di adesione che diventer\u00e0 esecutivo a partire dall&#8217;1 gennaio 1973. Particolarmente controverso \u00e8\u00a0 l&#8217;ingresso della Gran Bretagna contestato inizialmente dall&#8217;opposizione francese e poi da parte del Partito laburista inglese. La Norvegia, con un referendum, [&hellip;]<\/p>\n","protected":false},"author":1,"featured_media":0,"comment_status":"open","ping_status":"open","sticky":false,"template":"","format":"standard","meta":{"footnotes":""},"categories":[],"tags":[],"class_list":["post-7051","post","type-post","status-publish","format-standard","hentry"],"_links":{"self":[{"href":"https:\/\/datastorica.it\/blog\/wp-json\/wp\/v2\/posts\/7051","targetHints":{"allow":["GET"]}}],"collection":[{"href":"https:\/\/datastorica.it\/blog\/wp-json\/wp\/v2\/posts"}],"about":[{"href":"https:\/\/datastorica.it\/blog\/wp-json\/wp\/v2\/types\/post"}],"author":[{"embeddable":true,"href":"https:\/\/datastorica.it\/blog\/wp-json\/wp\/v2\/users\/1"}],"replies":[{"embeddable":true,"href":"https:\/\/datastorica.it\/blog\/wp-json\/wp\/v2\/comments?post=7051"}],"version-history":[{"count":2,"href":"https:\/\/datastorica.it\/blog\/wp-json\/wp\/v2\/posts\/7051\/revisions"}],"predecessor-version":[{"id":7053,"href":"https:\/\/datastorica.it\/blog\/wp-json\/wp\/v2\/posts\/7051\/revisions\/7053"}],"wp:attachment":[{"href":"https:\/\/datastorica.it\/blog\/wp-json\/wp\/v2\/media?parent=7051"}],"wp:term":[{"taxonomy":"category","embeddable":true,"href":"https:\/\/datastorica.it\/blog\/wp-json\/wp\/v2\/categories?post=7051"},{"taxonomy":"post_tag","embeddable":true,"href":"https:\/\/datastorica.it\/blog\/wp-json\/wp\/v2\/tags?post=7051"}],"curies":[{"name":"wp","href":"https:\/\/api.w.org\/{rel}","templated":true}]}}