{"id":7557,"date":"2012-02-09T09:30:02","date_gmt":"2012-02-09T08:30:02","guid":{"rendered":"http:\/\/agenziacalendario.com\/wp\/?p=7557"},"modified":"2012-02-09T08:38:50","modified_gmt":"2012-02-09T07:38:50","slug":"nasce-ernesto-colnago-il-maestro-della-bicicletta","status":"publish","type":"post","link":"https:\/\/datastorica.it\/blog\/2012\/02\/09\/nasce-ernesto-colnago-il-maestro-della-bicicletta\/","title":{"rendered":"Nasce Ernesto Colnago, il maestro della bicicletta"},"content":{"rendered":"<p><a href=\"http:\/\/agenziacalendario.com\/wp\/wp-content\/uploads\/2012\/02\/ernesto-colnago.jpeg\"><img loading=\"lazy\" decoding=\"async\" class=\"alignleft size-thumbnail wp-image-7558\" title=\"ernesto colnago\" src=\"http:\/\/agenziacalendario.com\/wp\/wp-content\/uploads\/2012\/02\/ernesto-colnago-150x150.jpg\" alt=\"\" width=\"150\" height=\"150\" \/><\/a>Il 9 febbraio 1932 nasce a Cambiago (Milano) Ernesto Colnago, il maestro della bicicletta. Inizia a 14 anni come operaio in un reparto di montaggio delle biciclette. Nel 1952 si mette in proprio, aprendo una bottega per l\u2019assistenza e la riparazione di bici, e inizia a produrne qualche esemplare su misura per alcuni dei ciclisti pi\u00f9 famosi dell\u2019epoca e rapidamente diventa uno dei migliori produttori a livello mondiale. Con Colnago corrono nomi indimenticabili: Fiorenzo Magni e Gastone Nencini negli anni &#8217;50, Gianni Motta, Vittorio Adorni, Michele Dancelli e Rudy Altig negli anni &#8217;60. Gli anni &#8217;70 sono segnati dalle imprese di Eddie Merckx: nel 1972 Colnago costruisce per lui la bici pi\u00f9 leggera e tecnologicamente avanzata del momento grazie all&#8217;utilizzo di nuovi materiali, con cui Merckx batter\u00e0 il record dell&#8217;ora il 25 ottobre a Citt\u00e0 del Messico (Messico). E poi, ancora, Baronchelli e Bitossi e, negli anni &#8217;80 Giuseppe Saronni. Nel 1994 Tony Rominger su Colnago conquista il record dell&#8217;ora con 55,291 km 291. Il 2000 segna la collaborazione sempre pi\u00f9 approfondita con Enzo Ferrari e vede la nascita della Cf1 limited edition, una bicicletta &#8220;gioiello&#8221; completamente in carbonio. Il 30 maggio 2006 Colnago viene nominato Cavaliere del Lavoro dal Presidente della Repubblica Giorgio Napolitano.<\/p>\n","protected":false},"excerpt":{"rendered":"<p>Il 9 febbraio 1932 nasce a Cambiago (Milano) Ernesto Colnago, il maestro della bicicletta. Inizia a 14 anni come operaio in un reparto di montaggio delle biciclette. Nel 1952 si mette in proprio, aprendo una bottega per l\u2019assistenza e la riparazione di bici, e inizia a produrne qualche esemplare su misura per alcuni dei ciclisti [&hellip;]<\/p>\n","protected":false},"author":1,"featured_media":0,"comment_status":"open","ping_status":"open","sticky":false,"template":"","format":"standard","meta":{"footnotes":""},"categories":[],"tags":[],"class_list":["post-7557","post","type-post","status-publish","format-standard","hentry"],"_links":{"self":[{"href":"https:\/\/datastorica.it\/blog\/wp-json\/wp\/v2\/posts\/7557","targetHints":{"allow":["GET"]}}],"collection":[{"href":"https:\/\/datastorica.it\/blog\/wp-json\/wp\/v2\/posts"}],"about":[{"href":"https:\/\/datastorica.it\/blog\/wp-json\/wp\/v2\/types\/post"}],"author":[{"embeddable":true,"href":"https:\/\/datastorica.it\/blog\/wp-json\/wp\/v2\/users\/1"}],"replies":[{"embeddable":true,"href":"https:\/\/datastorica.it\/blog\/wp-json\/wp\/v2\/comments?post=7557"}],"version-history":[{"count":1,"href":"https:\/\/datastorica.it\/blog\/wp-json\/wp\/v2\/posts\/7557\/revisions"}],"predecessor-version":[{"id":7559,"href":"https:\/\/datastorica.it\/blog\/wp-json\/wp\/v2\/posts\/7557\/revisions\/7559"}],"wp:attachment":[{"href":"https:\/\/datastorica.it\/blog\/wp-json\/wp\/v2\/media?parent=7557"}],"wp:term":[{"taxonomy":"category","embeddable":true,"href":"https:\/\/datastorica.it\/blog\/wp-json\/wp\/v2\/categories?post=7557"},{"taxonomy":"post_tag","embeddable":true,"href":"https:\/\/datastorica.it\/blog\/wp-json\/wp\/v2\/tags?post=7557"}],"curies":[{"name":"wp","href":"https:\/\/api.w.org\/{rel}","templated":true}]}}