{"id":7600,"date":"2012-02-10T13:00:51","date_gmt":"2012-02-10T12:00:51","guid":{"rendered":"http:\/\/agenziacalendario.com\/wp\/?p=7600"},"modified":"2012-02-10T09:05:35","modified_gmt":"2012-02-10T08:05:35","slug":"nasce-a-firenze-il-cantante-rock-piero-pelu","status":"publish","type":"post","link":"https:\/\/datastorica.it\/blog\/2012\/02\/10\/nasce-a-firenze-il-cantante-rock-piero-pelu\/","title":{"rendered":"Nasce a Firenze il cantante rock Piero Pel\u00f9"},"content":{"rendered":"<p><a href=\"http:\/\/agenziacalendario.com\/wp\/wp-content\/uploads\/2012\/02\/piero-pel%C3%B9.jpeg\"><img loading=\"lazy\" decoding=\"async\" class=\"alignleft size-thumbnail wp-image-7601\" title=\"piero pel\u00f9\" src=\"http:\/\/agenziacalendario.com\/wp\/wp-content\/uploads\/2012\/02\/piero-pel%C3%B9-150x150.jpg\" alt=\"\" width=\"150\" height=\"150\" \/><\/a>Il 10 febbraio 1962 nasce a Firenze il cantante Piero Pel\u00f9. Terminato il liceo classico nel 1980, diventa cantante rock dei &#8220;Litfiba&#8221;. Nel 1985 esce il primo loro album &#8220;Desaparecido&#8221; e nel 1990 con &#8220;Pirata&#8221; e &#8220;El Diablo&#8221; arriva il successo. Nel 1999 Pel\u00f9 diventa solista e tra l&#8217;altro duetta con Luciano Pavarotti per il War Child e con Mina sul brano &#8220;Stay&#8221;. Pel\u00f9 \u00e8 poi\u00a0 testimonial per la campagna Prevenzione aids e autore, con Jovanotti e Ligabue, di &#8220;Il mio nome \u00e8 mai pi\u00f9&#8221;. Durante la tourn\u00e8e &#8220;N\u00e9 buoni n\u00e9 cattivi&#8221; raccoglie fondi per Emergency, i missionari del Murialdo in Sierra Leone e il Wwf. Nel 2009 si ricompongono i Litfiba con Pel\u00f9 cantante e produttore.<\/p>\n","protected":false},"excerpt":{"rendered":"<p>Il 10 febbraio 1962 nasce a Firenze il cantante Piero Pel\u00f9. Terminato il liceo classico nel 1980, diventa cantante rock dei &#8220;Litfiba&#8221;. Nel 1985 esce il primo loro album &#8220;Desaparecido&#8221; e nel 1990 con &#8220;Pirata&#8221; e &#8220;El Diablo&#8221; arriva il successo. Nel 1999 Pel\u00f9 diventa solista e tra l&#8217;altro duetta con Luciano Pavarotti per il [&hellip;]<\/p>\n","protected":false},"author":1,"featured_media":0,"comment_status":"open","ping_status":"open","sticky":false,"template":"","format":"standard","meta":{"footnotes":""},"categories":[],"tags":[],"class_list":["post-7600","post","type-post","status-publish","format-standard","hentry"],"_links":{"self":[{"href":"https:\/\/datastorica.it\/blog\/wp-json\/wp\/v2\/posts\/7600","targetHints":{"allow":["GET"]}}],"collection":[{"href":"https:\/\/datastorica.it\/blog\/wp-json\/wp\/v2\/posts"}],"about":[{"href":"https:\/\/datastorica.it\/blog\/wp-json\/wp\/v2\/types\/post"}],"author":[{"embeddable":true,"href":"https:\/\/datastorica.it\/blog\/wp-json\/wp\/v2\/users\/1"}],"replies":[{"embeddable":true,"href":"https:\/\/datastorica.it\/blog\/wp-json\/wp\/v2\/comments?post=7600"}],"version-history":[{"count":1,"href":"https:\/\/datastorica.it\/blog\/wp-json\/wp\/v2\/posts\/7600\/revisions"}],"predecessor-version":[{"id":7602,"href":"https:\/\/datastorica.it\/blog\/wp-json\/wp\/v2\/posts\/7600\/revisions\/7602"}],"wp:attachment":[{"href":"https:\/\/datastorica.it\/blog\/wp-json\/wp\/v2\/media?parent=7600"}],"wp:term":[{"taxonomy":"category","embeddable":true,"href":"https:\/\/datastorica.it\/blog\/wp-json\/wp\/v2\/categories?post=7600"},{"taxonomy":"post_tag","embeddable":true,"href":"https:\/\/datastorica.it\/blog\/wp-json\/wp\/v2\/tags?post=7600"}],"curies":[{"name":"wp","href":"https:\/\/api.w.org\/{rel}","templated":true}]}}