{"id":7635,"date":"2012-02-11T13:40:02","date_gmt":"2012-02-11T12:40:02","guid":{"rendered":"http:\/\/agenziacalendario.com\/wp\/?p=7635"},"modified":"2012-02-11T10:30:05","modified_gmt":"2012-02-11T09:30:05","slug":"riconosciuta-la-fraternita-di-comunione-e-liberazione-promossa-da-don-giussani","status":"publish","type":"post","link":"https:\/\/datastorica.it\/blog\/2012\/02\/11\/riconosciuta-la-fraternita-di-comunione-e-liberazione-promossa-da-don-giussani\/","title":{"rendered":"Riconosciuta la &#8220;Fraternit\u00e0 di Comunione e liberazione&#8221; promossa da Don Giussani"},"content":{"rendered":"<p>L&#8217;11 febbraio 1982 il Pontificio Consiglio per i laici riconosce ufficialmente la &#8220;Fraternit\u00e0 di Comunione e liberazione&#8221;, il movimento fondato da don Luigi Giussani, come associazione di diritto pontificio. Movimento ecclesiale cattolico, composto prevalentemente da laici, si diffonde in Italia dal 1969: le sue radici sono collocabili nell&#8217;apostolato di don Luigi Giussani che, professore di religione dal 1954 presso il liceo classico milanese Berchet, comincia a riunire gruppi di studenti (Giovent\u00f9 studentesca, Movimento studenti) attorno a proposte di approfondimento della fede cristiana. Il movimento si d\u00e0 negli anni &#8217;70 il nome di &#8220;Comunione e liberazione&#8221;. Durante gli anni &#8217;80 &#8220;Comunione e liberazione&#8221; intensifica l&#8217;impegno nella societ\u00e0 civile, creando il movimento dei Cattolici popolari, presenza ben caratterizzata di cristiani nella vita pubblica, con un proprio progetto sociale e politico. Accanto alla Fraternit\u00e0, di diritto pontificio, c&#8217;\u00e8 la Memores Domini, di diritto diocesano, che \u00e8 una unione di persone consacrate.<\/p>\n","protected":false},"excerpt":{"rendered":"<p>L&#8217;11 febbraio 1982 il Pontificio Consiglio per i laici riconosce ufficialmente la &#8220;Fraternit\u00e0 di Comunione e liberazione&#8221;, il movimento fondato da don Luigi Giussani, come associazione di diritto pontificio. Movimento ecclesiale cattolico, composto prevalentemente da laici, si diffonde in Italia dal 1969: le sue radici sono collocabili nell&#8217;apostolato di don Luigi Giussani che, professore di [&hellip;]<\/p>\n","protected":false},"author":1,"featured_media":0,"comment_status":"open","ping_status":"open","sticky":false,"template":"","format":"standard","meta":{"footnotes":""},"categories":[],"tags":[],"class_list":["post-7635","post","type-post","status-publish","format-standard","hentry"],"_links":{"self":[{"href":"https:\/\/datastorica.it\/blog\/wp-json\/wp\/v2\/posts\/7635","targetHints":{"allow":["GET"]}}],"collection":[{"href":"https:\/\/datastorica.it\/blog\/wp-json\/wp\/v2\/posts"}],"about":[{"href":"https:\/\/datastorica.it\/blog\/wp-json\/wp\/v2\/types\/post"}],"author":[{"embeddable":true,"href":"https:\/\/datastorica.it\/blog\/wp-json\/wp\/v2\/users\/1"}],"replies":[{"embeddable":true,"href":"https:\/\/datastorica.it\/blog\/wp-json\/wp\/v2\/comments?post=7635"}],"version-history":[{"count":1,"href":"https:\/\/datastorica.it\/blog\/wp-json\/wp\/v2\/posts\/7635\/revisions"}],"predecessor-version":[{"id":7636,"href":"https:\/\/datastorica.it\/blog\/wp-json\/wp\/v2\/posts\/7635\/revisions\/7636"}],"wp:attachment":[{"href":"https:\/\/datastorica.it\/blog\/wp-json\/wp\/v2\/media?parent=7635"}],"wp:term":[{"taxonomy":"category","embeddable":true,"href":"https:\/\/datastorica.it\/blog\/wp-json\/wp\/v2\/categories?post=7635"},{"taxonomy":"post_tag","embeddable":true,"href":"https:\/\/datastorica.it\/blog\/wp-json\/wp\/v2\/tags?post=7635"}],"curies":[{"name":"wp","href":"https:\/\/api.w.org\/{rel}","templated":true}]}}