{"id":7921,"date":"2012-02-21T16:00:50","date_gmt":"2012-02-21T15:00:50","guid":{"rendered":"http:\/\/agenziacalendario.com\/wp\/?p=7921"},"modified":"2012-02-21T09:50:17","modified_gmt":"2012-02-21T08:50:17","slug":"caso-icmesa-riconosciuto-il-danno-morale-alle-vittime-della-nube-tossica","status":"publish","type":"post","link":"https:\/\/datastorica.it\/blog\/2012\/02\/21\/caso-icmesa-riconosciuto-il-danno-morale-alle-vittime-della-nube-tossica\/","title":{"rendered":"Caso Icmesa: riconosciuto il danno morale alle vittime della nube tossica"},"content":{"rendered":"<p>Il 21 febbraio 2002 le sezioni civili riunite della Corte di Cassazione, nella sentenza 2515 stabiliscono che\u00a0 dev&#8217;essere risarcita anche la paura degli abitanti di Seveso (Monza Brianza) dopo la nube alla diossina. Sancito quindi il principio che per legittimare il diritto al risarcimento non \u00e8 pi\u00f9 necessario che la lesione della sfera emotiva si accompagni al pregiudizio dell&#8217;integrit\u00e0 fisica o del patrimonio di un soggetto. Viene cos\u00ec introdotto nell&#8217;ordinamento italiano il danno morale anche solo per il timore di contrarre una malattia al posto del solo danno biologico, allargando la tutela del cittadino. I magistrati di legittimit\u00e0 stabiliscono infatti che per aver diritto a un risarcimento non \u00e8 necessario aver riportato danni diretti dalla diossina, ma \u00e8 sufficiente l&#8217;angoscia di essersi dovuti sottoporre a tanti controlli sanitari e aver vissuto con la paura di sviluppare un tumore. Il caso nasce in relazione alla richiesta di danno morale sollevata dagli abitanti della Brianza per la fuoriuscita della nube tossica di diossina, avvenuta il 10 luglio 1976 a Seveso, in seguito allo scoppio delle caldaie dello stabilimento dell&#8217; Icmesa.<\/p>\n","protected":false},"excerpt":{"rendered":"<p>Il 21 febbraio 2002 le sezioni civili riunite della Corte di Cassazione, nella sentenza 2515 stabiliscono che\u00a0 dev&#8217;essere risarcita anche la paura degli abitanti di Seveso (Monza Brianza) dopo la nube alla diossina. Sancito quindi il principio che per legittimare il diritto al risarcimento non \u00e8 pi\u00f9 necessario che la lesione della sfera emotiva si [&hellip;]<\/p>\n","protected":false},"author":1,"featured_media":0,"comment_status":"open","ping_status":"open","sticky":false,"template":"","format":"standard","meta":{"footnotes":""},"categories":[],"tags":[],"class_list":["post-7921","post","type-post","status-publish","format-standard","hentry"],"_links":{"self":[{"href":"https:\/\/datastorica.it\/blog\/wp-json\/wp\/v2\/posts\/7921","targetHints":{"allow":["GET"]}}],"collection":[{"href":"https:\/\/datastorica.it\/blog\/wp-json\/wp\/v2\/posts"}],"about":[{"href":"https:\/\/datastorica.it\/blog\/wp-json\/wp\/v2\/types\/post"}],"author":[{"embeddable":true,"href":"https:\/\/datastorica.it\/blog\/wp-json\/wp\/v2\/users\/1"}],"replies":[{"embeddable":true,"href":"https:\/\/datastorica.it\/blog\/wp-json\/wp\/v2\/comments?post=7921"}],"version-history":[{"count":1,"href":"https:\/\/datastorica.it\/blog\/wp-json\/wp\/v2\/posts\/7921\/revisions"}],"predecessor-version":[{"id":7922,"href":"https:\/\/datastorica.it\/blog\/wp-json\/wp\/v2\/posts\/7921\/revisions\/7922"}],"wp:attachment":[{"href":"https:\/\/datastorica.it\/blog\/wp-json\/wp\/v2\/media?parent=7921"}],"wp:term":[{"taxonomy":"category","embeddable":true,"href":"https:\/\/datastorica.it\/blog\/wp-json\/wp\/v2\/categories?post=7921"},{"taxonomy":"post_tag","embeddable":true,"href":"https:\/\/datastorica.it\/blog\/wp-json\/wp\/v2\/tags?post=7921"}],"curies":[{"name":"wp","href":"https:\/\/api.w.org\/{rel}","templated":true}]}}