{"id":81,"date":"2011-05-26T10:00:23","date_gmt":"2011-05-26T08:00:23","guid":{"rendered":"http:\/\/agenziacalendario.com\/wp\/?p=81"},"modified":"2011-05-25T22:58:27","modified_gmt":"2011-05-25T20:58:27","slug":"scandalo-p2-il-governo-forlani-costretto-a-dimettersi","status":"publish","type":"post","link":"https:\/\/datastorica.it\/blog\/2011\/05\/26\/scandalo-p2-il-governo-forlani-costretto-a-dimettersi\/","title":{"rendered":"Scandalo P2: il governo Forlani costretto a dimettersi"},"content":{"rendered":"<p>I<a href=\"http:\/\/agenziacalendario.com\/wp\/wp-content\/uploads\/2011\/05\/ArnaldoForlani1.png\"><img loading=\"lazy\" decoding=\"async\" class=\"alignleft size-full wp-image-83\" title=\"ArnaldoForlani\" src=\"http:\/\/agenziacalendario.com\/wp\/wp-content\/uploads\/2011\/05\/ArnaldoForlani1.png\" alt=\"\" width=\"100\" height=\"100\" \/><\/a><a href=\"http:\/\/agenziacalendario.com\/wp\/wp-content\/uploads\/2011\/05\/Spadolini.jpg\"><img loading=\"lazy\" decoding=\"async\" class=\"alignleft size-thumbnail wp-image-84\" title=\"Spadolini\" src=\"http:\/\/agenziacalendario.com\/wp\/wp-content\/uploads\/2011\/05\/Spadolini-150x150.jpg\" alt=\"\" width=\"150\" height=\"150\" \/><\/a>l 26 maggio 1981 il capo del governo Arnaldo Forlani \u00e8 costretto alle dimissioni per aver ritardato la conferma del ritrovamento e la pubblicazione delle liste degli aderenti alla loggia P2, che contengono peraltro il nome del ministro della Giustizia Adolfo Sarti. Il posto di Forlani sar\u00e0 preso dal repubblicano Giovanni Spadolini che diventa il primo presidente del Consiglio non democristiano della storia repubblicana, e la scelta cade su di lui proprio perch\u00e8 \u00e8 una figura che offre garanzie di correttezza e di estraneit\u00e0 agli ambienti coinvolti nello scandalo.<\/p>\n","protected":false},"excerpt":{"rendered":"<p>Il 26 maggio 1981 il capo del governo Arnaldo Forlani \u00e8 costretto alle dimissioni per aver ritardato la conferma del ritrovamento e la pubblicazione delle liste degli aderenti alla loggia P2, che contengono peraltro il nome del ministro della Giustizia Adolfo Sarti. Il posto di Forlani sar\u00e0 preso dal repubblicano Giovanni Spadolini che diventa il [&hellip;]<\/p>\n","protected":false},"author":1,"featured_media":0,"comment_status":"open","ping_status":"open","sticky":false,"template":"","format":"standard","meta":{"footnotes":""},"categories":[],"tags":[],"class_list":["post-81","post","type-post","status-publish","format-standard","hentry"],"_links":{"self":[{"href":"https:\/\/datastorica.it\/blog\/wp-json\/wp\/v2\/posts\/81","targetHints":{"allow":["GET"]}}],"collection":[{"href":"https:\/\/datastorica.it\/blog\/wp-json\/wp\/v2\/posts"}],"about":[{"href":"https:\/\/datastorica.it\/blog\/wp-json\/wp\/v2\/types\/post"}],"author":[{"embeddable":true,"href":"https:\/\/datastorica.it\/blog\/wp-json\/wp\/v2\/users\/1"}],"replies":[{"embeddable":true,"href":"https:\/\/datastorica.it\/blog\/wp-json\/wp\/v2\/comments?post=81"}],"version-history":[{"count":1,"href":"https:\/\/datastorica.it\/blog\/wp-json\/wp\/v2\/posts\/81\/revisions"}],"predecessor-version":[{"id":85,"href":"https:\/\/datastorica.it\/blog\/wp-json\/wp\/v2\/posts\/81\/revisions\/85"}],"wp:attachment":[{"href":"https:\/\/datastorica.it\/blog\/wp-json\/wp\/v2\/media?parent=81"}],"wp:term":[{"taxonomy":"category","embeddable":true,"href":"https:\/\/datastorica.it\/blog\/wp-json\/wp\/v2\/categories?post=81"},{"taxonomy":"post_tag","embeddable":true,"href":"https:\/\/datastorica.it\/blog\/wp-json\/wp\/v2\/tags?post=81"}],"curies":[{"name":"wp","href":"https:\/\/api.w.org\/{rel}","templated":true}]}}