{"id":8198,"date":"2012-03-03T12:40:53","date_gmt":"2012-03-03T11:40:53","guid":{"rendered":"http:\/\/agenziacalendario.com\/wp\/?p=8198"},"modified":"2012-03-03T08:35:47","modified_gmt":"2012-03-03T07:35:47","slug":"muore-di-malaria-a-43-anni-amedeo-di-savoia-terzo-duca-daosta","status":"publish","type":"post","link":"https:\/\/datastorica.it\/blog\/2012\/03\/03\/muore-di-malaria-a-43-anni-amedeo-di-savoia-terzo-duca-daosta\/","title":{"rendered":"Muore di malaria a 43 anni Amedeo di Savoia, terzo duca d&#8217;Aosta"},"content":{"rendered":"<p><a href=\"http:\/\/agenziacalendario.com\/wp\/wp-content\/uploads\/2012\/03\/247px-Amadeo_Aosta3rd_01.jpg\"><img loading=\"lazy\" decoding=\"async\" class=\"alignleft size-thumbnail wp-image-8199\" title=\"247px-Amadeo_Aosta3rd_01\" src=\"http:\/\/agenziacalendario.com\/wp\/wp-content\/uploads\/2012\/03\/247px-Amadeo_Aosta3rd_01-150x150.jpg\" alt=\"\" width=\"150\" height=\"150\" \/><\/a>Il 3 marzo 1942 muore di malaria a Nairobi (Kenya) Amedeo di Savoia, terzo duca d&#8217;Aosta nella casa di cura dove era stato ricoverato dopo essere stato trasferito in un campo di prigionia inglese. I suoi compagni di prigionia lo seppelliscono a Nyeri (Kenya) dove ancora oggi i suoi resti riposano nella chiesa ossario. Amedeo di Savoia, terzo Duca d&#8217;Aosta, nasce il 21 ottobre 1898 a Torino e nel 1922 \u00e8 in Congo, dove sotto falso nome lavora come operaio in un saponificio. Rientra a Palermo e si laurea in giurisprudenza. Nel 1925 parte per la Libia, dove al comando di reparti meharisti partecipa alla riconquista della colonia. Le sue prime esperienze aeronautiche sono successive all&#8217;incontro con Arturo Ferrarin che gli fa da istruttore e maestro: il 24 luglio 1926 il giovane Aosta ottiene il brevetto di pilota militare. In seguito alla morte del padre, nel 1931 assume il titolo di Duca d&#8217;Aosta. Nel 1936, generale di divisione, comanda la 1\u00b0 Divisione Aerea &#8220;Aquila&#8221;. Dal dicembre 1937 \u00e8 Vicer\u00e9 d&#8217;Etiopia e si pone come primo obiettivo la pacificazione del territorio con un grande impulso all&#8217;agricoltura e opere pubbliche (scuole, ospedali, acquedotti, strade). Contrario all\u2019entrata in guerra, ottiene comunque vittorie conquistando Cassala, nel Sudan, e la Somaliland. Agli inizi del 1941, dopo il contrattacco degli inglesi, le linee italiane cedono dopo una strenua resistenza a Cheren; il 3 aprile Amedeo lascia la capitale Addis Abeba e si ritira sull&#8217;Amba Alagi per cominciare l&#8217;ultima resistenza. Il contingente italiano resister\u00e0 fino alla met\u00e0 di maggio, quando Roma ordiner\u00e0 la resa. Gli inglesi riconoscono l&#8217;onore delle armi al duca ed ai suoi uomini. Amedeo d&#8217;Aosta viene decorato di medaglia d&#8217;oro al valor militare.<\/p>\n","protected":false},"excerpt":{"rendered":"<p>Il 3 marzo 1942 muore di malaria a Nairobi (Kenya) Amedeo di Savoia, terzo duca d&#8217;Aosta nella casa di cura dove era stato ricoverato dopo essere stato trasferito in un campo di prigionia inglese. I suoi compagni di prigionia lo seppelliscono a Nyeri (Kenya) dove ancora oggi i suoi resti riposano nella chiesa ossario. Amedeo [&hellip;]<\/p>\n","protected":false},"author":1,"featured_media":0,"comment_status":"open","ping_status":"open","sticky":false,"template":"","format":"standard","meta":{"footnotes":""},"categories":[],"tags":[],"class_list":["post-8198","post","type-post","status-publish","format-standard","hentry"],"_links":{"self":[{"href":"https:\/\/datastorica.it\/blog\/wp-json\/wp\/v2\/posts\/8198","targetHints":{"allow":["GET"]}}],"collection":[{"href":"https:\/\/datastorica.it\/blog\/wp-json\/wp\/v2\/posts"}],"about":[{"href":"https:\/\/datastorica.it\/blog\/wp-json\/wp\/v2\/types\/post"}],"author":[{"embeddable":true,"href":"https:\/\/datastorica.it\/blog\/wp-json\/wp\/v2\/users\/1"}],"replies":[{"embeddable":true,"href":"https:\/\/datastorica.it\/blog\/wp-json\/wp\/v2\/comments?post=8198"}],"version-history":[{"count":1,"href":"https:\/\/datastorica.it\/blog\/wp-json\/wp\/v2\/posts\/8198\/revisions"}],"predecessor-version":[{"id":8200,"href":"https:\/\/datastorica.it\/blog\/wp-json\/wp\/v2\/posts\/8198\/revisions\/8200"}],"wp:attachment":[{"href":"https:\/\/datastorica.it\/blog\/wp-json\/wp\/v2\/media?parent=8198"}],"wp:term":[{"taxonomy":"category","embeddable":true,"href":"https:\/\/datastorica.it\/blog\/wp-json\/wp\/v2\/categories?post=8198"},{"taxonomy":"post_tag","embeddable":true,"href":"https:\/\/datastorica.it\/blog\/wp-json\/wp\/v2\/tags?post=8198"}],"curies":[{"name":"wp","href":"https:\/\/api.w.org\/{rel}","templated":true}]}}