{"id":8225,"date":"2012-03-04T12:30:01","date_gmt":"2012-03-04T11:30:01","guid":{"rendered":"http:\/\/agenziacalendario.com\/wp\/?p=8225"},"modified":"2012-03-04T10:45:26","modified_gmt":"2012-03-04T09:45:26","slug":"nasce-il-professore-e-manager-claudio-dematte","status":"publish","type":"post","link":"https:\/\/datastorica.it\/blog\/2012\/03\/04\/nasce-il-professore-e-manager-claudio-dematte\/","title":{"rendered":"Nasce il professore e manager Claudio Dematt\u00e8"},"content":{"rendered":"<p><a href=\"http:\/\/agenziacalendario.com\/wp\/wp-content\/uploads\/2012\/03\/claudio-dematt\u00e9.jpeg\"><img loading=\"lazy\" decoding=\"async\" class=\"alignleft size-thumbnail wp-image-8226\" title=\"claudio dematt\u00e9\" src=\"http:\/\/agenziacalendario.com\/wp\/wp-content\/uploads\/2012\/03\/claudio-dematt\u00e9-150x150.jpg\" alt=\"\" width=\"150\" height=\"150\" \/><\/a>Il 4 marzo 1942 nasce a Trento il professore di economia e manager pubblico Claudio Dematt\u00e9. Per molti anni docente alla Bocconi di Milano, Dematt\u00e9 fonda nel 1971 la Scuola di Direzione Aziendale di cui \u00e8 responsabile con vari ruoli sino al 2002\u00a0 Nel 1993 Dematt\u00e8 diventa presidente della Rai dimettendosi nel 1994 in coincidenza della vittoria elettorale di Berlusconi. Dematt\u00e8 diventa presidente delle Fs nel 1998 e muore per un ictus il 19 marzo 2004 a\u00a0 Milano.<\/p>\n","protected":false},"excerpt":{"rendered":"<p>Il 4 marzo 1942 nasce a Trento il professore di economia e manager pubblico Claudio Dematt\u00e9. Per molti anni docente alla Bocconi di Milano, Dematt\u00e9 fonda nel 1971 la Scuola di Direzione Aziendale di cui \u00e8 responsabile con vari ruoli sino al 2002\u00a0 Nel 1993 Dematt\u00e8 diventa presidente della Rai dimettendosi nel 1994 in coincidenza [&hellip;]<\/p>\n","protected":false},"author":1,"featured_media":0,"comment_status":"open","ping_status":"open","sticky":false,"template":"","format":"standard","meta":{"footnotes":""},"categories":[],"tags":[],"class_list":["post-8225","post","type-post","status-publish","format-standard","hentry"],"_links":{"self":[{"href":"https:\/\/datastorica.it\/blog\/wp-json\/wp\/v2\/posts\/8225","targetHints":{"allow":["GET"]}}],"collection":[{"href":"https:\/\/datastorica.it\/blog\/wp-json\/wp\/v2\/posts"}],"about":[{"href":"https:\/\/datastorica.it\/blog\/wp-json\/wp\/v2\/types\/post"}],"author":[{"embeddable":true,"href":"https:\/\/datastorica.it\/blog\/wp-json\/wp\/v2\/users\/1"}],"replies":[{"embeddable":true,"href":"https:\/\/datastorica.it\/blog\/wp-json\/wp\/v2\/comments?post=8225"}],"version-history":[{"count":1,"href":"https:\/\/datastorica.it\/blog\/wp-json\/wp\/v2\/posts\/8225\/revisions"}],"predecessor-version":[{"id":8227,"href":"https:\/\/datastorica.it\/blog\/wp-json\/wp\/v2\/posts\/8225\/revisions\/8227"}],"wp:attachment":[{"href":"https:\/\/datastorica.it\/blog\/wp-json\/wp\/v2\/media?parent=8225"}],"wp:term":[{"taxonomy":"category","embeddable":true,"href":"https:\/\/datastorica.it\/blog\/wp-json\/wp\/v2\/categories?post=8225"},{"taxonomy":"post_tag","embeddable":true,"href":"https:\/\/datastorica.it\/blog\/wp-json\/wp\/v2\/tags?post=8225"}],"curies":[{"name":"wp","href":"https:\/\/api.w.org\/{rel}","templated":true}]}}