{"id":8302,"date":"2012-03-07T14:20:48","date_gmt":"2012-03-07T13:20:48","guid":{"rendered":"http:\/\/agenziacalendario.com\/wp\/?p=8302"},"modified":"2012-03-06T21:49:20","modified_gmt":"2012-03-06T20:49:20","slug":"nasce-il-quarto-gruppo-mondiale-della-pubblicita","status":"publish","type":"post","link":"https:\/\/datastorica.it\/blog\/2012\/03\/07\/nasce-il-quarto-gruppo-mondiale-della-pubblicita\/","title":{"rendered":"Nasce il quarto gruppo mondiale della pubblicit\u00e0"},"content":{"rendered":"<p>Il 7 marzo 2002 a Parigi (Francia) il presidente del gruppo pubblicitario francese &#8216;Publicis&#8217;, Maurice Levy, annuncia la fusione del suo gruppo con l&#8217;americana &#8216;BCom3&#8217;. La nuova entit\u00e0 rappresenta il quarto gruppo mondiale del settore. La fusione di Publicis e Bcom3 avverr\u00e0 con una transazione in azioni. Il gruppo francese acquisir\u00e0 il 100% del capitale del suo partner americano per un ammontare di 3 miliardi di euro. L&#8217;operazione \u00e8 accompagnata da &#8220;un accordo strategico&#8221; con il primo gruppo pubblicitario giapponese Dentsu, che diventa un azionista stabile di Publicis e che aprir\u00e0 al nuovo gruppo il mercato giapponese.<\/p>\n","protected":false},"excerpt":{"rendered":"<p>Il 7 marzo 2002 a Parigi (Francia) il presidente del gruppo pubblicitario francese &#8216;Publicis&#8217;, Maurice Levy, annuncia la fusione del suo gruppo con l&#8217;americana &#8216;BCom3&#8217;. La nuova entit\u00e0 rappresenta il quarto gruppo mondiale del settore. La fusione di Publicis e Bcom3 avverr\u00e0 con una transazione in azioni. Il gruppo francese acquisir\u00e0 il 100% del capitale [&hellip;]<\/p>\n","protected":false},"author":1,"featured_media":0,"comment_status":"open","ping_status":"open","sticky":false,"template":"","format":"standard","meta":{"footnotes":""},"categories":[],"tags":[],"class_list":["post-8302","post","type-post","status-publish","format-standard","hentry"],"_links":{"self":[{"href":"https:\/\/datastorica.it\/blog\/wp-json\/wp\/v2\/posts\/8302","targetHints":{"allow":["GET"]}}],"collection":[{"href":"https:\/\/datastorica.it\/blog\/wp-json\/wp\/v2\/posts"}],"about":[{"href":"https:\/\/datastorica.it\/blog\/wp-json\/wp\/v2\/types\/post"}],"author":[{"embeddable":true,"href":"https:\/\/datastorica.it\/blog\/wp-json\/wp\/v2\/users\/1"}],"replies":[{"embeddable":true,"href":"https:\/\/datastorica.it\/blog\/wp-json\/wp\/v2\/comments?post=8302"}],"version-history":[{"count":1,"href":"https:\/\/datastorica.it\/blog\/wp-json\/wp\/v2\/posts\/8302\/revisions"}],"predecessor-version":[{"id":8303,"href":"https:\/\/datastorica.it\/blog\/wp-json\/wp\/v2\/posts\/8302\/revisions\/8303"}],"wp:attachment":[{"href":"https:\/\/datastorica.it\/blog\/wp-json\/wp\/v2\/media?parent=8302"}],"wp:term":[{"taxonomy":"category","embeddable":true,"href":"https:\/\/datastorica.it\/blog\/wp-json\/wp\/v2\/categories?post=8302"},{"taxonomy":"post_tag","embeddable":true,"href":"https:\/\/datastorica.it\/blog\/wp-json\/wp\/v2\/tags?post=8302"}],"curies":[{"name":"wp","href":"https:\/\/api.w.org\/{rel}","templated":true}]}}