{"id":8305,"date":"2012-03-08T12:23:27","date_gmt":"2012-03-08T11:23:27","guid":{"rendered":"http:\/\/agenziacalendario.com\/wp\/?p=8305"},"modified":"2012-03-08T12:23:27","modified_gmt":"2012-03-08T11:23:27","slug":"nasce-il-politico-matyas-rakosi-premier-dal-1952-al-1953","status":"publish","type":"post","link":"https:\/\/datastorica.it\/blog\/2012\/03\/08\/nasce-il-politico-matyas-rakosi-premier-dal-1952-al-1953\/","title":{"rendered":"Nasce il politico Matyas Rakosi, premier dal 1952 al 1953"},"content":{"rendered":"<p><a href=\"http:\/\/agenziacalendario.com\/wp\/wp-content\/uploads\/2012\/03\/matyas-rakosi.jpeg\"><img loading=\"lazy\" decoding=\"async\" class=\"alignleft size-thumbnail wp-image-8306\" title=\"matyas rakosi\" src=\"http:\/\/agenziacalendario.com\/wp\/wp-content\/uploads\/2012\/03\/matyas-rakosi-150x150.jpg\" alt=\"\" width=\"150\" height=\"150\" \/><\/a>L&#8217;8 marzo 1892 nasce ad Ada (Serbia) il politico M\u00e1ty\u00e1s Rosenfeld che poi assume il nome di Matyas Rakosi. Comunista dopo il 1915, partecipa alla cosiddetta Repubblica sovietica ungherese (21 marzo &#8211; 1 agosto 1919) di Bela Kun. Rakosi dopo il 1940 diventa capo del Comintern. Alla fine del 1945 con l&#8217;appoggio dei sovietici Rakosi diventa vice presidente del governo. Il 18 agosto 1949 viene costituita la la Repubblica Popolare d&#8217;Ungheria e Rakosi diventa segretario generale del Partito Comunista Ungherese. Il 26 dicembre 1948 Rakosi incarcera e in cinque settimane fa condannare all&#8217;ergastolo il cardinale cattolico J\u00f3zsef Mindszenty poi fa giustiziare circa 2.000 persone e incarcerare pi\u00f9 di 100.000 persone, espellendo dal Partito Comunista circa 200.000 iscritti. Nell&#8217;agosto 1952 R\u00e1kosi diventa anche primo ministro ma il 13 giugno 1953 si deve dimettere,pur mantenendo la carica di segretario generale del Partito. Il 14 maggio 1955 il governo Heged\u00fcs( uomo di Rakosi) firma l&#8217;adesione dell&#8217;Ungheria al Patto di Varsavia e il 18 luglio 1956 R\u00e1kosi \u00e8 costretto a dimettersi da segretario generale del Partito. Il 23 ottobre 1956 scoppia l&#8217;insurrezione ungherese e Rakosi fugge in Unione Sovietica dove muore il 5 febbraio 1971 a Gorky (Russia).<\/p>\n","protected":false},"excerpt":{"rendered":"<p>L&#8217;8 marzo 1892 nasce ad Ada (Serbia) il politico M\u00e1ty\u00e1s Rosenfeld che poi assume il nome di Matyas Rakosi. Comunista dopo il 1915, partecipa alla cosiddetta Repubblica sovietica ungherese (21 marzo &#8211; 1 agosto 1919) di Bela Kun. Rakosi dopo il 1940 diventa capo del Comintern. Alla fine del 1945 con l&#8217;appoggio dei sovietici Rakosi [&hellip;]<\/p>\n","protected":false},"author":1,"featured_media":0,"comment_status":"open","ping_status":"open","sticky":false,"template":"","format":"standard","meta":{"footnotes":""},"categories":[],"tags":[],"class_list":["post-8305","post","type-post","status-publish","format-standard","hentry"],"_links":{"self":[{"href":"https:\/\/datastorica.it\/blog\/wp-json\/wp\/v2\/posts\/8305","targetHints":{"allow":["GET"]}}],"collection":[{"href":"https:\/\/datastorica.it\/blog\/wp-json\/wp\/v2\/posts"}],"about":[{"href":"https:\/\/datastorica.it\/blog\/wp-json\/wp\/v2\/types\/post"}],"author":[{"embeddable":true,"href":"https:\/\/datastorica.it\/blog\/wp-json\/wp\/v2\/users\/1"}],"replies":[{"embeddable":true,"href":"https:\/\/datastorica.it\/blog\/wp-json\/wp\/v2\/comments?post=8305"}],"version-history":[{"count":1,"href":"https:\/\/datastorica.it\/blog\/wp-json\/wp\/v2\/posts\/8305\/revisions"}],"predecessor-version":[{"id":8307,"href":"https:\/\/datastorica.it\/blog\/wp-json\/wp\/v2\/posts\/8305\/revisions\/8307"}],"wp:attachment":[{"href":"https:\/\/datastorica.it\/blog\/wp-json\/wp\/v2\/media?parent=8305"}],"wp:term":[{"taxonomy":"category","embeddable":true,"href":"https:\/\/datastorica.it\/blog\/wp-json\/wp\/v2\/categories?post=8305"},{"taxonomy":"post_tag","embeddable":true,"href":"https:\/\/datastorica.it\/blog\/wp-json\/wp\/v2\/tags?post=8305"}],"curies":[{"name":"wp","href":"https:\/\/api.w.org\/{rel}","templated":true}]}}