{"id":8337,"date":"2012-03-09T16:50:25","date_gmt":"2012-03-09T15:50:25","guid":{"rendered":"http:\/\/agenziacalendario.com\/wp\/?p=8337"},"modified":"2012-03-09T13:47:57","modified_gmt":"2012-03-09T12:47:57","slug":"riapre-alle-auto-il-tunnel-del-monte-bianco","status":"publish","type":"post","link":"https:\/\/datastorica.it\/blog\/2012\/03\/09\/riapre-alle-auto-il-tunnel-del-monte-bianco\/","title":{"rendered":"Riapre alle auto il tunnel del Monte Bianco"},"content":{"rendered":"<p>Il 9 marzo 2002 a Courmayeur (Aosta) viene riaperto al traffico automobilistico il traforo del Monte Bianco, che unisce Italia e Francia. Il tunnel era chiuso dal 24 marzo 1999 quando, per un incendio, sono morte 39 persone. Nei tre anni di chiusura vengono effettuati complessi lavori di riparazione e ristrutturazione: la volta, fortemente danneggiata, \u00e8 completamente rifatta e i sistemi di sicurezza sono aumentati e resi pi\u00f9 efficienti. Nei mesi successivi il traffico dei camion sar\u00e0 riaperto, ma con limiti molto vincolanti, per scoraggiare il passaggio del traffico pesante.<\/p>\n","protected":false},"excerpt":{"rendered":"<p>Il 9 marzo 2002 a Courmayeur (Aosta) viene riaperto al traffico automobilistico il traforo del Monte Bianco, che unisce Italia e Francia. Il tunnel era chiuso dal 24 marzo 1999 quando, per un incendio, sono morte 39 persone. Nei tre anni di chiusura vengono effettuati complessi lavori di riparazione e ristrutturazione: la volta, fortemente danneggiata, [&hellip;]<\/p>\n","protected":false},"author":1,"featured_media":0,"comment_status":"open","ping_status":"open","sticky":false,"template":"","format":"standard","meta":{"footnotes":""},"categories":[],"tags":[],"class_list":["post-8337","post","type-post","status-publish","format-standard","hentry"],"_links":{"self":[{"href":"https:\/\/datastorica.it\/blog\/wp-json\/wp\/v2\/posts\/8337","targetHints":{"allow":["GET"]}}],"collection":[{"href":"https:\/\/datastorica.it\/blog\/wp-json\/wp\/v2\/posts"}],"about":[{"href":"https:\/\/datastorica.it\/blog\/wp-json\/wp\/v2\/types\/post"}],"author":[{"embeddable":true,"href":"https:\/\/datastorica.it\/blog\/wp-json\/wp\/v2\/users\/1"}],"replies":[{"embeddable":true,"href":"https:\/\/datastorica.it\/blog\/wp-json\/wp\/v2\/comments?post=8337"}],"version-history":[{"count":1,"href":"https:\/\/datastorica.it\/blog\/wp-json\/wp\/v2\/posts\/8337\/revisions"}],"predecessor-version":[{"id":8338,"href":"https:\/\/datastorica.it\/blog\/wp-json\/wp\/v2\/posts\/8337\/revisions\/8338"}],"wp:attachment":[{"href":"https:\/\/datastorica.it\/blog\/wp-json\/wp\/v2\/media?parent=8337"}],"wp:term":[{"taxonomy":"category","embeddable":true,"href":"https:\/\/datastorica.it\/blog\/wp-json\/wp\/v2\/categories?post=8337"},{"taxonomy":"post_tag","embeddable":true,"href":"https:\/\/datastorica.it\/blog\/wp-json\/wp\/v2\/tags?post=8337"}],"curies":[{"name":"wp","href":"https:\/\/api.w.org\/{rel}","templated":true}]}}