{"id":8412,"date":"2012-03-13T11:00:54","date_gmt":"2012-03-13T10:00:54","guid":{"rendered":"http:\/\/agenziacalendario.com\/wp\/?p=8412"},"modified":"2012-03-12T17:07:09","modified_gmt":"2012-03-12T16:07:09","slug":"si-apre-il-xiii-congresso-straordinario-del-pci","status":"publish","type":"post","link":"https:\/\/datastorica.it\/blog\/2012\/03\/13\/si-apre-il-xiii-congresso-straordinario-del-pci\/","title":{"rendered":"Si apre il XIII congresso &#8220;straordinario&#8221; del PCI"},"content":{"rendered":"<p><a href=\"http:\/\/agenziacalendario.com\/wp\/wp-content\/uploads\/2012\/03\/enrico-berlinguer.jpeg\"><img loading=\"lazy\" decoding=\"async\" class=\"alignleft size-thumbnail wp-image-8413\" title=\"enrico berlinguer\" src=\"http:\/\/agenziacalendario.com\/wp\/wp-content\/uploads\/2012\/03\/enrico-berlinguer-150x150.jpg\" alt=\"\" width=\"150\" height=\"150\" \/><\/a>Il 13 marzo 1972 si apre a Milano il XIII congresso straordinario del Pci e i lavori si concluderanno il 17 marzo. E&#8217; il primo congresso che si svolge in clima eccezionale, alla vigilia di elezioni anticipate. Enrico Berlinguer sar\u00e0 eletto segretario generale mentre Luigi Longo assumer\u00e0 la presidenza del partito. Berlinguer si far\u00e0 promotore, insieme ai segretari dei partiti comunisti francese e spagnolo, della linea dell&#8217;eurocomunismo, intesa a sviluppare una nuova strategia di transizione democratica al socialismo nei paesi a capitalismo maturo.<\/p>\n","protected":false},"excerpt":{"rendered":"<p>Il 13 marzo 1972 si apre a Milano il XIII congresso straordinario del Pci e i lavori si concluderanno il 17 marzo. E&#8217; il primo congresso che si svolge in clima eccezionale, alla vigilia di elezioni anticipate. Enrico Berlinguer sar\u00e0 eletto segretario generale mentre Luigi Longo assumer\u00e0 la presidenza del partito. Berlinguer si far\u00e0 promotore, [&hellip;]<\/p>\n","protected":false},"author":1,"featured_media":0,"comment_status":"open","ping_status":"open","sticky":false,"template":"","format":"standard","meta":{"footnotes":""},"categories":[],"tags":[],"class_list":["post-8412","post","type-post","status-publish","format-standard","hentry"],"_links":{"self":[{"href":"https:\/\/datastorica.it\/blog\/wp-json\/wp\/v2\/posts\/8412","targetHints":{"allow":["GET"]}}],"collection":[{"href":"https:\/\/datastorica.it\/blog\/wp-json\/wp\/v2\/posts"}],"about":[{"href":"https:\/\/datastorica.it\/blog\/wp-json\/wp\/v2\/types\/post"}],"author":[{"embeddable":true,"href":"https:\/\/datastorica.it\/blog\/wp-json\/wp\/v2\/users\/1"}],"replies":[{"embeddable":true,"href":"https:\/\/datastorica.it\/blog\/wp-json\/wp\/v2\/comments?post=8412"}],"version-history":[{"count":1,"href":"https:\/\/datastorica.it\/blog\/wp-json\/wp\/v2\/posts\/8412\/revisions"}],"predecessor-version":[{"id":8414,"href":"https:\/\/datastorica.it\/blog\/wp-json\/wp\/v2\/posts\/8412\/revisions\/8414"}],"wp:attachment":[{"href":"https:\/\/datastorica.it\/blog\/wp-json\/wp\/v2\/media?parent=8412"}],"wp:term":[{"taxonomy":"category","embeddable":true,"href":"https:\/\/datastorica.it\/blog\/wp-json\/wp\/v2\/categories?post=8412"},{"taxonomy":"post_tag","embeddable":true,"href":"https:\/\/datastorica.it\/blog\/wp-json\/wp\/v2\/tags?post=8412"}],"curies":[{"name":"wp","href":"https:\/\/api.w.org\/{rel}","templated":true}]}}