{"id":8442,"date":"2012-03-15T09:42:46","date_gmt":"2012-03-15T08:42:46","guid":{"rendered":"http:\/\/agenziacalendario.com\/wp\/?p=8442"},"modified":"2012-03-15T09:42:46","modified_gmt":"2012-03-15T08:42:46","slug":"muore-a-parigi-il-musicista-italiano-luigi-cherubini","status":"publish","type":"post","link":"https:\/\/datastorica.it\/blog\/2012\/03\/15\/muore-a-parigi-il-musicista-italiano-luigi-cherubini\/","title":{"rendered":"Muore a Parigi il musicista italiano Luigi Cherubini"},"content":{"rendered":"<p><a href=\"http:\/\/agenziacalendario.com\/wp\/wp-content\/uploads\/2012\/03\/200px-Luigi_Cherubini3.jpg\"><img loading=\"lazy\" decoding=\"async\" class=\"alignleft size-full wp-image-8443\" title=\"200px-Luigi_Cherubini3\" src=\"http:\/\/agenziacalendario.com\/wp\/wp-content\/uploads\/2012\/03\/200px-Luigi_Cherubini3.jpg\" alt=\"\" width=\"200\" height=\"263\" \/><\/a>Il 15 marzo 1842 muore a Parigi (Francia) il musicista italiano Luigi Cherubini, il suo capolavoro \u00e8 il &#8220;Requiem in Do minore&#8221;. Cherubini nasce il 14 settembre 1760 a Firenze ed \u00e8 figlio di un professore di musica del Teatro della Pergola. Dal 1788 Cherubini si stabilisce definitivamente a Parigi dove partecipa agli avvenimenti della Rivoluzione, dell\u2019Impero napoleonico e della Restaurazione sotto Luigi XVIII e Carlo X. Per il suo carattere schietto e sincero soffre l\u2019ostilit\u00e0 di Napoleone che gli costa 15 anni di angustie e di ristrettezze economiche. Nel 1816, caduto Napoleone, viene organizzata in Notre Dame una grande cerimonia religiosa in ricordo di Luigi XVI ghigliottinato nel 1793. A Cherubini \u00e8 affidato l\u2019incarico di comporre una Messa funebre. Nasce cos\u00ec quel capolavoro che \u00e8 il &#8220;Requiem in Do minore&#8221;. Nel 1821 Cherubini \u00e8 nominato direttore del Conservatorio di Parigi e mantiene quel posto fino al 1841. In questo ventennio dedica minor tempo alla composizione in favore dell\u2019attivit\u00e0 didattica, comunque scrive una trentina di melodrammi, tra cui la celebre &#8220;Medea&#8221; (riscoperta e rivalutata da Maria Callas). Tra le sue opere figurano anche molta musica religiosa: 14 Messe (una per l\u2019incoronazione di Carlo X), 2 Requiem , una sinfonia e molta musica per vari strumenti e per pianoforte. Cherubini \u00e8\u00a0 apprezzato e stimato da grandi musicisti come Rossini, Liszt, Wagner ma in special modo da Beethoven.<\/p>\n","protected":false},"excerpt":{"rendered":"<p>Il 15 marzo 1842 muore a Parigi (Francia) il musicista italiano Luigi Cherubini, il suo capolavoro \u00e8 il &#8220;Requiem in Do minore&#8221;. Cherubini nasce il 14 settembre 1760 a Firenze ed \u00e8 figlio di un professore di musica del Teatro della Pergola. Dal 1788 Cherubini si stabilisce definitivamente a Parigi dove partecipa agli avvenimenti della [&hellip;]<\/p>\n","protected":false},"author":1,"featured_media":0,"comment_status":"open","ping_status":"open","sticky":false,"template":"","format":"standard","meta":{"footnotes":""},"categories":[],"tags":[],"class_list":["post-8442","post","type-post","status-publish","format-standard","hentry"],"_links":{"self":[{"href":"https:\/\/datastorica.it\/blog\/wp-json\/wp\/v2\/posts\/8442","targetHints":{"allow":["GET"]}}],"collection":[{"href":"https:\/\/datastorica.it\/blog\/wp-json\/wp\/v2\/posts"}],"about":[{"href":"https:\/\/datastorica.it\/blog\/wp-json\/wp\/v2\/types\/post"}],"author":[{"embeddable":true,"href":"https:\/\/datastorica.it\/blog\/wp-json\/wp\/v2\/users\/1"}],"replies":[{"embeddable":true,"href":"https:\/\/datastorica.it\/blog\/wp-json\/wp\/v2\/comments?post=8442"}],"version-history":[{"count":1,"href":"https:\/\/datastorica.it\/blog\/wp-json\/wp\/v2\/posts\/8442\/revisions"}],"predecessor-version":[{"id":8444,"href":"https:\/\/datastorica.it\/blog\/wp-json\/wp\/v2\/posts\/8442\/revisions\/8444"}],"wp:attachment":[{"href":"https:\/\/datastorica.it\/blog\/wp-json\/wp\/v2\/media?parent=8442"}],"wp:term":[{"taxonomy":"category","embeddable":true,"href":"https:\/\/datastorica.it\/blog\/wp-json\/wp\/v2\/categories?post=8442"},{"taxonomy":"post_tag","embeddable":true,"href":"https:\/\/datastorica.it\/blog\/wp-json\/wp\/v2\/tags?post=8442"}],"curies":[{"name":"wp","href":"https:\/\/api.w.org\/{rel}","templated":true}]}}