{"id":8478,"date":"2012-03-16T11:00:55","date_gmt":"2012-03-16T10:00:55","guid":{"rendered":"http:\/\/agenziacalendario.com\/wp\/?p=8478"},"modified":"2012-03-15T18:49:52","modified_gmt":"2012-03-15T17:49:52","slug":"nasce-il-poeta-meticcio-cesar-vallejo-ha-influenzato-la-poesia-ispanoamericana","status":"publish","type":"post","link":"https:\/\/datastorica.it\/blog\/2012\/03\/16\/nasce-il-poeta-meticcio-cesar-vallejo-ha-influenzato-la-poesia-ispanoamericana\/","title":{"rendered":"Nasce il poeta meticcio C\u00e9sar  Vallejo, ha influenzato la poesia ispanoamericana"},"content":{"rendered":"<p><a href=\"http:\/\/agenziacalendario.com\/wp\/wp-content\/uploads\/2012\/03\/Cesar_vallejo_1929.jpg\"><img loading=\"lazy\" decoding=\"async\" class=\"alignleft size-full wp-image-8479\" title=\"Cesar_vallejo_1929\" src=\"http:\/\/agenziacalendario.com\/wp\/wp-content\/uploads\/2012\/03\/Cesar_vallejo_1929.jpg\" alt=\"\" width=\"263\" height=\"370\" srcset=\"https:\/\/datastorica.it\/blog\/wp-content\/uploads\/2012\/03\/Cesar_vallejo_1929.jpg 263w, https:\/\/datastorica.it\/blog\/wp-content\/uploads\/2012\/03\/Cesar_vallejo_1929-213x300.jpg 213w\" sizes=\"auto, (max-width: 263px) 100vw, 263px\" \/><\/a>Il 16 marzo 1892 nasce a Santiago de Chuco (Per\u00f9) lo scrittore meticcio C\u00e9sar Vallejo, ha una grande ifluenza sulla poesia ispanoamericana. La sua vita \u00e8 segnata dalle avversit\u00e0, dovute dalle sue origini modeste e dalle sue condizioni di meticcio, poi per la sua rigorosa militanza marxista. Conosce giovanissimo la prigione; riacquistata la libert\u00e0 fugge nel 1923 in Europa dove rimane fino alla morte, espulso dalla Francia e poi dalla Spagna. Durante la guerra civile spagnola Vallejo si schiera a favore della repubblica e prende parte a vari gruppi d&#8217;avanguardia; con Juan Larrea dirige la rivista \u201cFavora bles Paris Poema\u201d. Il suo primo libro, \u201cGli araldi neri\u201d (1918) \u00e8 ancora nell&#8217;ambito del nel modernismo simbolista. In \u201cTrilce\u201d (1923) Vallejo accoglie accenti dell&#8217;avanguardia mentre un originale impasto metaforico \u00e8 nel suo capolavoro \u201cPoemi umani\u201d (1939 postumo), di cui fa parte il poemetto \u201cSpagna\u201d. Vallejo scrive anche il romanzo proletario \u201cTungsteno\u201d (1931) e i racconti di \u201cFavola selvaggia\u201d (1925). La sua influenza sulla poesia ispanoamericana \u00e8\u00a0 anche maggiore di quella di Neruda. Vallejo muore il 15 aprile 1938 a Parigi (Francia).<\/p>\n","protected":false},"excerpt":{"rendered":"<p>Il 16 marzo 1892 nasce a Santiago de Chuco (Per\u00f9) lo scrittore meticcio C\u00e9sar Vallejo, ha una grande ifluenza sulla poesia ispanoamericana. La sua vita \u00e8 segnata dalle avversit\u00e0, dovute dalle sue origini modeste e dalle sue condizioni di meticcio, poi per la sua rigorosa militanza marxista. Conosce giovanissimo la prigione; riacquistata la libert\u00e0 fugge [&hellip;]<\/p>\n","protected":false},"author":1,"featured_media":0,"comment_status":"open","ping_status":"open","sticky":false,"template":"","format":"standard","meta":{"footnotes":""},"categories":[],"tags":[],"class_list":["post-8478","post","type-post","status-publish","format-standard","hentry"],"_links":{"self":[{"href":"https:\/\/datastorica.it\/blog\/wp-json\/wp\/v2\/posts\/8478","targetHints":{"allow":["GET"]}}],"collection":[{"href":"https:\/\/datastorica.it\/blog\/wp-json\/wp\/v2\/posts"}],"about":[{"href":"https:\/\/datastorica.it\/blog\/wp-json\/wp\/v2\/types\/post"}],"author":[{"embeddable":true,"href":"https:\/\/datastorica.it\/blog\/wp-json\/wp\/v2\/users\/1"}],"replies":[{"embeddable":true,"href":"https:\/\/datastorica.it\/blog\/wp-json\/wp\/v2\/comments?post=8478"}],"version-history":[{"count":1,"href":"https:\/\/datastorica.it\/blog\/wp-json\/wp\/v2\/posts\/8478\/revisions"}],"predecessor-version":[{"id":8480,"href":"https:\/\/datastorica.it\/blog\/wp-json\/wp\/v2\/posts\/8478\/revisions\/8480"}],"wp:attachment":[{"href":"https:\/\/datastorica.it\/blog\/wp-json\/wp\/v2\/media?parent=8478"}],"wp:term":[{"taxonomy":"category","embeddable":true,"href":"https:\/\/datastorica.it\/blog\/wp-json\/wp\/v2\/categories?post=8478"},{"taxonomy":"post_tag","embeddable":true,"href":"https:\/\/datastorica.it\/blog\/wp-json\/wp\/v2\/tags?post=8478"}],"curies":[{"name":"wp","href":"https:\/\/api.w.org\/{rel}","templated":true}]}}