{"id":8520,"date":"2012-03-18T11:00:08","date_gmt":"2012-03-18T10:00:08","guid":{"rendered":"http:\/\/agenziacalendario.com\/wp\/?p=8520"},"modified":"2012-03-18T08:56:14","modified_gmt":"2012-03-18T07:56:14","slug":"nasce-il-parlamentare-ed-ex-ministro-vincenzo-visco","status":"publish","type":"post","link":"https:\/\/datastorica.it\/blog\/2012\/03\/18\/nasce-il-parlamentare-ed-ex-ministro-vincenzo-visco\/","title":{"rendered":"Nasce il parlamentare ed ex ministro Vincenzo Visco"},"content":{"rendered":"<p><a href=\"http:\/\/agenziacalendario.com\/wp\/wp-content\/uploads\/2012\/03\/Vincenzo-Visco.jpg\"><img loading=\"lazy\" decoding=\"async\" class=\"alignleft size-thumbnail wp-image-8521\" title=\"Vincenzo Visco\" src=\"http:\/\/agenziacalendario.com\/wp\/wp-content\/uploads\/2012\/03\/Vincenzo-Visco-150x150.jpg\" alt=\"\" width=\"150\" height=\"150\" \/><\/a>Il 18 marzo 1942 nasce a Foggia il parlamentare ed ex ministro Vincenzo Alfonso Visco. Laureato in giurisprudenza con specializzazione in economia; docente universitario, gi\u00e0 deputato nelle legislature IX, X, XII, XIII e gi\u00e0 senatore nella legislatura XI, nella XIV e XV legislatura cessa dal mandato parlamentare il 28 aprile 2008. Visco \u00e8 Ministro delle Finanze nel Governo Ciampi dal 28 aprile al 4 maggio 1993 e si dimette quando il PDS decide il ritiro della sua partecipazione al governo per la mancata concessione da parte del Parlamento dell&#8217;autorizzazione a procedere nei confronti di Craxi. Visco \u00e8 nuovamente ministro delle Finanze dal 17 maggio 1996 al 25 aprile 2000 nei governi Prodi e D&#8217;Alema (1998 e 1999). Dal 25 aprile 2000 all&#8217;11 giugno 2001 \u00e8 ministro del Tesoro, del Bilancio e della Programmazione Economica nel 2\u00b0 governo Amato. Infine, dal 17 maggio 2006 al 7 maggio 2008 Visco \u00e8 viceministro dell&#8217;Economia e delleFinanze, con delega alle Finanze.<\/p>\n","protected":false},"excerpt":{"rendered":"<p>Il 18 marzo 1942 nasce a Foggia il parlamentare ed ex ministro Vincenzo Alfonso Visco. Laureato in giurisprudenza con specializzazione in economia; docente universitario, gi\u00e0 deputato nelle legislature IX, X, XII, XIII e gi\u00e0 senatore nella legislatura XI, nella XIV e XV legislatura cessa dal mandato parlamentare il 28 aprile 2008. Visco \u00e8 Ministro delle [&hellip;]<\/p>\n","protected":false},"author":1,"featured_media":0,"comment_status":"open","ping_status":"open","sticky":false,"template":"","format":"standard","meta":{"footnotes":""},"categories":[],"tags":[],"class_list":["post-8520","post","type-post","status-publish","format-standard","hentry"],"_links":{"self":[{"href":"https:\/\/datastorica.it\/blog\/wp-json\/wp\/v2\/posts\/8520","targetHints":{"allow":["GET"]}}],"collection":[{"href":"https:\/\/datastorica.it\/blog\/wp-json\/wp\/v2\/posts"}],"about":[{"href":"https:\/\/datastorica.it\/blog\/wp-json\/wp\/v2\/types\/post"}],"author":[{"embeddable":true,"href":"https:\/\/datastorica.it\/blog\/wp-json\/wp\/v2\/users\/1"}],"replies":[{"embeddable":true,"href":"https:\/\/datastorica.it\/blog\/wp-json\/wp\/v2\/comments?post=8520"}],"version-history":[{"count":2,"href":"https:\/\/datastorica.it\/blog\/wp-json\/wp\/v2\/posts\/8520\/revisions"}],"predecessor-version":[{"id":8523,"href":"https:\/\/datastorica.it\/blog\/wp-json\/wp\/v2\/posts\/8520\/revisions\/8523"}],"wp:attachment":[{"href":"https:\/\/datastorica.it\/blog\/wp-json\/wp\/v2\/media?parent=8520"}],"wp:term":[{"taxonomy":"category","embeddable":true,"href":"https:\/\/datastorica.it\/blog\/wp-json\/wp\/v2\/categories?post=8520"},{"taxonomy":"post_tag","embeddable":true,"href":"https:\/\/datastorica.it\/blog\/wp-json\/wp\/v2\/tags?post=8520"}],"curies":[{"name":"wp","href":"https:\/\/api.w.org\/{rel}","templated":true}]}}