{"id":8587,"date":"2012-03-21T11:00:47","date_gmt":"2012-03-21T10:00:47","guid":{"rendered":"http:\/\/agenziacalendario.com\/wp\/?p=8587"},"modified":"2012-03-20T22:13:46","modified_gmt":"2012-03-20T21:13:46","slug":"andrea-vitone-13-anni-muore-su-un-treno-bruciato-dai-tifosi-della-roma","status":"publish","type":"post","link":"https:\/\/datastorica.it\/blog\/2012\/03\/21\/andrea-vitone-13-anni-muore-su-un-treno-bruciato-dai-tifosi-della-roma\/","title":{"rendered":"Andrea Vitone, 13 anni,  muore su un treno bruciato dai tifosi della Roma"},"content":{"rendered":"<p>Il 21 marzo 1982 a Bologna Andrea Vitone, un ragazzo di tredici anni al seguito della trasferta della Roma, muore su un vagone ferroviario bruciato dai tifosi romanisti, inferociti dalla sconfitta subita dal Bologna. E&#8217; uno dei pi\u00f9 gravi episodi di teppismo sui treni, fenomeno che ciclicamente negli anni si \u00e8 gi\u00e0 verificato. Le Ferrovie dello stato infatti, gi\u00e0 in molte occasioni rifiutano di destinare treni speciali al trasporto dei tifosi, per i danni costantemente causati alle vetture.<\/p>\n","protected":false},"excerpt":{"rendered":"<p>Il 21 marzo 1982 a Bologna Andrea Vitone, un ragazzo di tredici anni al seguito della trasferta della Roma, muore su un vagone ferroviario bruciato dai tifosi romanisti, inferociti dalla sconfitta subita dal Bologna. E&#8217; uno dei pi\u00f9 gravi episodi di teppismo sui treni, fenomeno che ciclicamente negli anni si \u00e8 gi\u00e0 verificato. Le Ferrovie [&hellip;]<\/p>\n","protected":false},"author":1,"featured_media":0,"comment_status":"open","ping_status":"open","sticky":false,"template":"","format":"standard","meta":{"footnotes":""},"categories":[],"tags":[],"class_list":["post-8587","post","type-post","status-publish","format-standard","hentry"],"_links":{"self":[{"href":"https:\/\/datastorica.it\/blog\/wp-json\/wp\/v2\/posts\/8587","targetHints":{"allow":["GET"]}}],"collection":[{"href":"https:\/\/datastorica.it\/blog\/wp-json\/wp\/v2\/posts"}],"about":[{"href":"https:\/\/datastorica.it\/blog\/wp-json\/wp\/v2\/types\/post"}],"author":[{"embeddable":true,"href":"https:\/\/datastorica.it\/blog\/wp-json\/wp\/v2\/users\/1"}],"replies":[{"embeddable":true,"href":"https:\/\/datastorica.it\/blog\/wp-json\/wp\/v2\/comments?post=8587"}],"version-history":[{"count":1,"href":"https:\/\/datastorica.it\/blog\/wp-json\/wp\/v2\/posts\/8587\/revisions"}],"predecessor-version":[{"id":8588,"href":"https:\/\/datastorica.it\/blog\/wp-json\/wp\/v2\/posts\/8587\/revisions\/8588"}],"wp:attachment":[{"href":"https:\/\/datastorica.it\/blog\/wp-json\/wp\/v2\/media?parent=8587"}],"wp:term":[{"taxonomy":"category","embeddable":true,"href":"https:\/\/datastorica.it\/blog\/wp-json\/wp\/v2\/categories?post=8587"},{"taxonomy":"post_tag","embeddable":true,"href":"https:\/\/datastorica.it\/blog\/wp-json\/wp\/v2\/tags?post=8587"}],"curies":[{"name":"wp","href":"https:\/\/api.w.org\/{rel}","templated":true}]}}