{"id":8712,"date":"2012-03-26T08:30:00","date_gmt":"2012-03-26T06:30:00","guid":{"rendered":"http:\/\/agenziacalendario.com\/wp\/?p=8712"},"modified":"2012-03-25T19:17:04","modified_gmt":"2012-03-25T17:17:04","slug":"esce-a-como-il-primo-numero-del-quotidiano-la-provincia","status":"publish","type":"post","link":"https:\/\/datastorica.it\/blog\/2012\/03\/26\/esce-a-como-il-primo-numero-del-quotidiano-la-provincia\/","title":{"rendered":"Esce a Como il primo numero del quotidiano &#8220;La Provincia&#8221;"},"content":{"rendered":"<p>Il 26 marzo 1892 esce il primo numero del quotidiano comasco &#8220;La Provincia&#8221; che si propone di appoggiare le correnti liberali pi\u00f9 progressiste, collegate a Paolo Carcano, che propugnano la laicit\u00e0 dello Stato, il divorzio e l&#8217;istruzione per tutti. L&#8217;accoglienza del pubblico, grazie anche alla vivacit\u00e0 della redazione, \u00e8 positiva e presto &#8220;La Provincia di Como&#8221; diventa il quotidiano egemone del Comasco.<\/p>\n","protected":false},"excerpt":{"rendered":"<p>Il 26 marzo 1892 esce il primo numero del quotidiano comasco &#8220;La Provincia&#8221; che si propone di appoggiare le correnti liberali pi\u00f9 progressiste, collegate a Paolo Carcano, che propugnano la laicit\u00e0 dello Stato, il divorzio e l&#8217;istruzione per tutti. L&#8217;accoglienza del pubblico, grazie anche alla vivacit\u00e0 della redazione, \u00e8 positiva e presto &#8220;La Provincia di [&hellip;]<\/p>\n","protected":false},"author":1,"featured_media":0,"comment_status":"open","ping_status":"open","sticky":false,"template":"","format":"standard","meta":{"footnotes":""},"categories":[],"tags":[],"class_list":["post-8712","post","type-post","status-publish","format-standard","hentry"],"_links":{"self":[{"href":"https:\/\/datastorica.it\/blog\/wp-json\/wp\/v2\/posts\/8712","targetHints":{"allow":["GET"]}}],"collection":[{"href":"https:\/\/datastorica.it\/blog\/wp-json\/wp\/v2\/posts"}],"about":[{"href":"https:\/\/datastorica.it\/blog\/wp-json\/wp\/v2\/types\/post"}],"author":[{"embeddable":true,"href":"https:\/\/datastorica.it\/blog\/wp-json\/wp\/v2\/users\/1"}],"replies":[{"embeddable":true,"href":"https:\/\/datastorica.it\/blog\/wp-json\/wp\/v2\/comments?post=8712"}],"version-history":[{"count":1,"href":"https:\/\/datastorica.it\/blog\/wp-json\/wp\/v2\/posts\/8712\/revisions"}],"predecessor-version":[{"id":8713,"href":"https:\/\/datastorica.it\/blog\/wp-json\/wp\/v2\/posts\/8712\/revisions\/8713"}],"wp:attachment":[{"href":"https:\/\/datastorica.it\/blog\/wp-json\/wp\/v2\/media?parent=8712"}],"wp:term":[{"taxonomy":"category","embeddable":true,"href":"https:\/\/datastorica.it\/blog\/wp-json\/wp\/v2\/categories?post=8712"},{"taxonomy":"post_tag","embeddable":true,"href":"https:\/\/datastorica.it\/blog\/wp-json\/wp\/v2\/tags?post=8712"}],"curies":[{"name":"wp","href":"https:\/\/api.w.org\/{rel}","templated":true}]}}