{"id":8816,"date":"2012-03-29T14:40:15","date_gmt":"2012-03-29T12:40:15","guid":{"rendered":"http:\/\/agenziacalendario.com\/wp\/?p=8816"},"modified":"2012-03-29T09:39:13","modified_gmt":"2012-03-29T07:39:13","slug":"muore-il-compositore-carl-orff-celebre-la-sua-opera-balletto-carmina-burana","status":"publish","type":"post","link":"https:\/\/datastorica.it\/blog\/2012\/03\/29\/muore-il-compositore-carl-orff-celebre-la-sua-opera-balletto-carmina-burana\/","title":{"rendered":"Muore il compositore Carl Orff, celebre la sua opera-balletto &#8220;Carmina burana&#8221;"},"content":{"rendered":"<p><a href=\"http:\/\/agenziacalendario.com\/wp\/wp-content\/uploads\/2012\/03\/carl-orff.jpeg\"><img loading=\"lazy\" decoding=\"async\" class=\"alignleft size-thumbnail wp-image-8817\" title=\"carl orff\" src=\"http:\/\/agenziacalendario.com\/wp\/wp-content\/uploads\/2012\/03\/carl-orff-150x150.jpg\" alt=\"\" width=\"150\" height=\"150\" \/><\/a>Il 29 marzo 1982 muore a Monaco (Germania) il compositore Carl Orff, celebre la sua opera-balletto &#8220;Carmina burana&#8221; (1937) che abbina la poesia profana del XIII secolo a un tipo di musica (per orchestra sinfonica e coro) volutamente semplice, e strutturata intorno a ritmi vigorosi e pulsanti accompagnati a ricche sonorit\u00e0. Orff nasce il 10 luglio 1895 a Monaco e nel 1924 fonda a Monaco, insieme alla moglie, la ballerina Dorothea G\u00fcnther, la G\u00fcntherschule per l&#8217;insegnamento di musica, danza e ginnastica ai bambini. Il suo metodo, contenuto nel saggio &#8220;Schulwerk&#8221; (&#8220;Musica per bambini&#8221;, 1930-1933, riveduto nel 1950-1954) si apre con semplici esempi ritmici, per svilupparsi in sonori brani per ensemble di xilofoni, Glockenspiel e altri strumenti a percussione.<\/p>\n","protected":false},"excerpt":{"rendered":"<p>Il 29 marzo 1982 muore a Monaco (Germania) il compositore Carl Orff, celebre la sua opera-balletto &#8220;Carmina burana&#8221; (1937) che abbina la poesia profana del XIII secolo a un tipo di musica (per orchestra sinfonica e coro) volutamente semplice, e strutturata intorno a ritmi vigorosi e pulsanti accompagnati a ricche sonorit\u00e0. Orff nasce il 10 [&hellip;]<\/p>\n","protected":false},"author":1,"featured_media":0,"comment_status":"open","ping_status":"open","sticky":false,"template":"","format":"standard","meta":{"footnotes":""},"categories":[],"tags":[],"class_list":["post-8816","post","type-post","status-publish","format-standard","hentry"],"_links":{"self":[{"href":"https:\/\/datastorica.it\/blog\/wp-json\/wp\/v2\/posts\/8816","targetHints":{"allow":["GET"]}}],"collection":[{"href":"https:\/\/datastorica.it\/blog\/wp-json\/wp\/v2\/posts"}],"about":[{"href":"https:\/\/datastorica.it\/blog\/wp-json\/wp\/v2\/types\/post"}],"author":[{"embeddable":true,"href":"https:\/\/datastorica.it\/blog\/wp-json\/wp\/v2\/users\/1"}],"replies":[{"embeddable":true,"href":"https:\/\/datastorica.it\/blog\/wp-json\/wp\/v2\/comments?post=8816"}],"version-history":[{"count":1,"href":"https:\/\/datastorica.it\/blog\/wp-json\/wp\/v2\/posts\/8816\/revisions"}],"predecessor-version":[{"id":8818,"href":"https:\/\/datastorica.it\/blog\/wp-json\/wp\/v2\/posts\/8816\/revisions\/8818"}],"wp:attachment":[{"href":"https:\/\/datastorica.it\/blog\/wp-json\/wp\/v2\/media?parent=8816"}],"wp:term":[{"taxonomy":"category","embeddable":true,"href":"https:\/\/datastorica.it\/blog\/wp-json\/wp\/v2\/categories?post=8816"},{"taxonomy":"post_tag","embeddable":true,"href":"https:\/\/datastorica.it\/blog\/wp-json\/wp\/v2\/tags?post=8816"}],"curies":[{"name":"wp","href":"https:\/\/api.w.org\/{rel}","templated":true}]}}