{"id":8853,"date":"2012-03-31T09:00:17","date_gmt":"2012-03-31T07:00:17","guid":{"rendered":"http:\/\/agenziacalendario.com\/wp\/?p=8853"},"modified":"2012-03-30T22:47:29","modified_gmt":"2012-03-30T20:47:29","slug":"nasce-il-grande-compositore-franz-joseph-haydn-segna-la-civilta-musicale","status":"publish","type":"post","link":"https:\/\/datastorica.it\/blog\/2012\/03\/31\/nasce-il-grande-compositore-franz-joseph-haydn-segna-la-civilta-musicale\/","title":{"rendered":"Nasce il grande compositore Franz Joseph Haydn, segna la civilt\u00e0 musicale"},"content":{"rendered":"<p>Nasce il gran<a href=\"http:\/\/agenziacalendario.com\/wp\/wp-content\/uploads\/2012\/03\/haydn.jpg\"><img loading=\"lazy\" decoding=\"async\" class=\"alignleft size-thumbnail wp-image-8854\" title=\"haydn\" src=\"http:\/\/agenziacalendario.com\/wp\/wp-content\/uploads\/2012\/03\/haydn-150x150.jpg\" alt=\"\" width=\"150\" height=\"150\" \/><\/a>de compositore Franz Joseph Haydn, segna la civilt\u00e0 musicale (notizia top di musica) Il 31 marzo\u00a0 1732 nasce a Rohrau (Austria) il compositore Franz Jospeh Haydn che inizia precocemente lo studio della musica. A otto anni si trasferisce a Vienna (Austria) come cantore e prosegue gli studi musicali dimostrando eccezionali capacit\u00e0. Nel 1761 \u00e8 nominato direttore di cappella dei principi Esterh\u00e1zy. Artefice della fusione delle tradizioni musicali del Settecento, italiane, tedesche e francesi, Haydn pone le basi della nuova musica strumentale moderna. Grandissimo autore e interprete di tutte le forme musicali, si distingue soprattutto nella sinfonia e nella musica da camera, Haydn \u00e8 autore di 108 sinfonie, 83 quartetti per archi e cinquantadue sonate per piano, oltre a venticinque opere teatrali (\u2018Lo speziale\u2019, 1768, su libretto di Carlo Goldoni; \u2018Il mondo della luna\u2019, 1777, su libretto di C. Goldoni; \u2018L&#8217;isola disabitata\u2019, 1789, su libretto di Pietro Metastasio), pi\u00f9 di 50 concerti, 26 messe e oratori (\u2018La creazione\u2019, 1798, \u2018Le stagioni\u2019, 1801, \u2018Le sette parole del Redentore sulla croce\u2019). La maggior parte della sua produzione risale al periodo di servizio presso i principi Esterh\u00e1zy. Haydn segnato la civilt\u00e0 musicale con il suo carisma e muore il 31 maggio 1809\u00a0 a Vienna (Austria).<\/p>\n","protected":false},"excerpt":{"rendered":"<p>Nasce il grande compositore Franz Joseph Haydn, segna la civilt\u00e0 musicale (notizia top di musica) Il 31 marzo\u00a0 1732 nasce a Rohrau (Austria) il compositore Franz Jospeh Haydn che inizia precocemente lo studio della musica. A otto anni si trasferisce a Vienna (Austria) come cantore e prosegue gli studi musicali dimostrando eccezionali capacit\u00e0. Nel 1761 [&hellip;]<\/p>\n","protected":false},"author":1,"featured_media":0,"comment_status":"open","ping_status":"open","sticky":false,"template":"","format":"standard","meta":{"footnotes":""},"categories":[],"tags":[],"class_list":["post-8853","post","type-post","status-publish","format-standard","hentry"],"_links":{"self":[{"href":"https:\/\/datastorica.it\/blog\/wp-json\/wp\/v2\/posts\/8853","targetHints":{"allow":["GET"]}}],"collection":[{"href":"https:\/\/datastorica.it\/blog\/wp-json\/wp\/v2\/posts"}],"about":[{"href":"https:\/\/datastorica.it\/blog\/wp-json\/wp\/v2\/types\/post"}],"author":[{"embeddable":true,"href":"https:\/\/datastorica.it\/blog\/wp-json\/wp\/v2\/users\/1"}],"replies":[{"embeddable":true,"href":"https:\/\/datastorica.it\/blog\/wp-json\/wp\/v2\/comments?post=8853"}],"version-history":[{"count":1,"href":"https:\/\/datastorica.it\/blog\/wp-json\/wp\/v2\/posts\/8853\/revisions"}],"predecessor-version":[{"id":8855,"href":"https:\/\/datastorica.it\/blog\/wp-json\/wp\/v2\/posts\/8853\/revisions\/8855"}],"wp:attachment":[{"href":"https:\/\/datastorica.it\/blog\/wp-json\/wp\/v2\/media?parent=8853"}],"wp:term":[{"taxonomy":"category","embeddable":true,"href":"https:\/\/datastorica.it\/blog\/wp-json\/wp\/v2\/categories?post=8853"},{"taxonomy":"post_tag","embeddable":true,"href":"https:\/\/datastorica.it\/blog\/wp-json\/wp\/v2\/tags?post=8853"}],"curies":[{"name":"wp","href":"https:\/\/api.w.org\/{rel}","templated":true}]}}